{"id":67464,"date":"2024-04-19T08:09:00","date_gmt":"2024-04-19T13:09:00","guid":{"rendered":"http:\/\/www.zonaroja.com.mx\/?p=67464"},"modified":"2024-04-19T08:03:37","modified_gmt":"2024-04-19T13:03:37","slug":"promoveran-el-emprendimiento-en-miahuatlan-oaxaca","status":"publish","type":"post","link":"https:\/\/zonaroja.com.mx\/?p=67464","title":{"rendered":"Promover\u00e1n el emprendimiento en Miahuatl\u00e1n, Oaxaca"},"content":{"rendered":"\n<p>Redacci\u00f3n\/Zona Roja.&nbsp;<\/p>\n\n\n\n<p>Oaxaca de Ju\u00e1rez, Oax. 19 de abril de 2024.-\u00a0Las empresas CC2 M\u00e9xico y el Corporativo Red Osmo se sumaron para llevar a Miahuatl\u00e1n el primer \u201cForo del Emprendedor\u201d los d\u00edas 26 y 27 de abril.\u00a0<\/p>\n\n\n\n<p>El encuentro tiene como objetivo principal contribuir al crecimiento y desarrollo de las micro y peque\u00f1as empresas de la regi\u00f3n, brind\u00e1ndoles oportunidades de visibilidad y herramientas para su expansi\u00f3n en nuevos mercados.<\/p>\n\n\n\n<p>En conferencia de medios, el director general de la empresa CC2 M\u00e9xico, Jos\u00e9 Alberto Mart\u00ednez, destac\u00f3 que para lograr esta suma de esfuerzos se busc\u00f3 una alianza con el Corporativo Red Osmo, que ha sido referente de \u00e9xito y responsabilidad social, de apoyo a la comunidad en especial durante la \u00e9poca de la pandemia.<\/p>\n\n\n\n<p>A su vez, el director general de Red Osmo y ponente invitado, V\u00edctor Boh\u00f3rquez, agradeci\u00f3 la apertura de este espacio y que se lleve a Miahuatl\u00e1n de Porfirio D\u00edaz donde hay talento y habilidades de la juventud \u201csolo necesitan orientaci\u00f3n y apoyo para continuar el desarrollo de sus emprendimientos\u201d destac\u00f3.<\/p>\n\n\n\n<p>En su oportunidad, el subsecretario de educaci\u00f3n p\u00fablica del gobierno estatal, Marco Reyes Teran precis\u00f3 que estos encuentros permiten que la poblaci\u00f3n estudiantil cuente con las herramientas y los ejemplos necesarios para motivarse a emprender.<\/p>\n\n\n\n<p>\u201cNuestro ponente, el doctor V\u00edctor es un ejemplo de c\u00f3mo un joven en Oaxaca, puede ir construyendo sus metas esforz\u00e1ndose y llegando a ser exitoso\u201d, expuso.<\/p>\n\n\n\n<p>Adicionalmente, agreg\u00f3, que la nueva escuela mexicana \u201cpone a la comunidad al centro y el observar las necesidades que tienen y c\u00f3mo satisfacerlas, con creatividad y talento, de manera que es una experiencia valiosa, y por ello convocamos al alumnado de la regi\u00f3n para que acuda, tomando en cuenta que no persigue fines de lucro y es gratuito\u201d.<\/p>\n\n\n\n<p>El foro estar\u00e1 estructurado alrededor de tres temas fundamentales: Aprende, Emprende; Deja tu Marca, Cr\u00e9ala y La Ra\u00edz de tu \u00c9xito.<\/p>\n\n\n\n<p>Jos\u00e9 Alberto Mart\u00ednez consider\u00f3 trascendental fomentar el esp\u00edritu emprendedor, promover la conexi\u00f3n con la parte humana, el respeto al medio ambiente y a la comunidad.&nbsp;<\/p>\n\n\n\n<p>\u201cQueremos que los j\u00f3venes y emprendedores de Miahuatl\u00e1n adquieran las habilidades necesarias para lanzar sus propias marcas, comprendiendo aspectos legales, tributarios, organizacionales y estrat\u00e9gicos del marketing y la publicidad\u201d.<\/p>\n\n\n\n<p>De acuerdo con el programa preparado se contar\u00e1 con la participaci\u00f3n de destacados ponentes como Erwin Garc\u00eda, autor y conferencista internacional, graduado en teolog\u00eda y comunicaci\u00f3n esc\u00e9nica, as\u00ed como con la presencia de Victor Boh\u00f3rquez, Ana Laura Morales Garc\u00eda y Angelina Mart\u00ednez P\u00e9rez, quienes compartir\u00e1n su experiencia y conocimientos para inspirar a nuestros asistentes\u201d, describi\u00f3 el empresario.<\/p>\n\n\n\n<p>Ambos directivos expresaron que todos y todas las j\u00f3venes est\u00e1n invitadas y el acceso es gratuito, previo registro en:&nbsp;https:\/\/forms.gle\/BUP9BC1zRevyxPsy5.<\/p>\n","protected":false},"excerpt":{"rendered":"<p>Redacci\u00f3n\/Zona Roja.&nbsp; Oaxaca de Ju\u00e1rez, Oax. 19 de abril de 2024.-\u00a0Las empresas CC2 M\u00e9xico y&hellip;<\/p>\n","protected":false},"author":2,"featured_media":67373,"comment_status":"closed","ping_status":"open","sticky":false,"template":"","format":"standard","meta":{"_lmt_disableupdate":"","_lmt_disable":"","_jetpack_memberships_contains_paid_content":false,"footnotes":""},"categories":[109,46],"tags":[3100],"class_list":["post-67464","post","type-post","status-publish","format-standard","has-post-thumbnail","hentry","category-minuto-a-minuto","category-zona-blanca","tag-red-osmo-oaxaca"],"jetpack_featured_media_url":"https:\/\/zonaroja.com.mx\/wp-content\/uploads\/2024\/04\/Miahuatlan-de-Porfirio-Diaz.jpg.webp","jetpack_sharing_enabled":true,"_links":{"self":[{"href":"https:\/\/zonaroja.com.mx\/index.php?rest_route=\/wp\/v2\/posts\/67464","targetHints":{"allow":["GET"]}}],"collection":[{"href":"https:\/\/zonaroja.com.mx\/index.php?rest_route=\/wp\/v2\/posts"}],"about":[{"href":"https:\/\/zonaroja.com.mx\/index.php?rest_route=\/wp\/v2\/types\/post"}],"author":[{"embeddable":true,"href":"https:\/\/zonaroja.com.mx\/index.php?rest_route=\/wp\/v2\/users\/2"}],"replies":[{"embeddable":true,"href":"https:\/\/zonaroja.com.mx\/index.php?rest_route=%2Fwp%2Fv2%2Fcomments&post=67464"}],"version-history":[{"count":2,"href":"https:\/\/zonaroja.com.mx\/index.php?rest_route=\/wp\/v2\/posts\/67464\/revisions"}],"predecessor-version":[{"id":67471,"href":"https:\/\/zonaroja.com.mx\/index.php?rest_route=\/wp\/v2\/posts\/67464\/revisions\/67471"}],"wp:featuredmedia":[{"embeddable":true,"href":"https:\/\/zonaroja.com.mx\/index.php?rest_route=\/wp\/v2\/media\/67373"}],"wp:attachment":[{"href":"https:\/\/zonaroja.com.mx\/index.php?rest_route=%2Fwp%2Fv2%2Fmedia&parent=67464"}],"wp:term":[{"taxonomy":"category","embeddable":true,"href":"https:\/\/zonaroja.com.mx\/index.php?rest_route=%2Fwp%2Fv2%2Fcategories&post=67464"},{"taxonomy":"post_tag","embeddable":true,"href":"https:\/\/zonaroja.com.mx\/index.php?rest_route=%2Fwp%2Fv2%2Ftags&post=67464"}],"curies":[{"name":"wp","href":"https:\/\/api.w.org\/{rel}","templated":true}]}}