{"id":67473,"date":"2024-04-19T09:30:00","date_gmt":"2024-04-19T14:30:00","guid":{"rendered":"http:\/\/www.zonaroja.com.mx\/?p=67473"},"modified":"2024-04-19T08:13:22","modified_gmt":"2024-04-19T13:13:22","slug":"ataca-israel-de-nuevo-a-iran-hay-tension-mundial","status":"publish","type":"post","link":"https:\/\/zonaroja.com.mx\/?p=67473","title":{"rendered":"Ataca Israel de nuevo a Ir\u00e1n; hay tensi\u00f3n mundial"},"content":{"rendered":"\n<p>Redacci\u00f3n\/Zona Roja Cdmx. Foto: Ilustraci\u00f3n. <\/p>\n\n\n\n<p>Ciudad de M\u00e9xico, a 19 de abril de 2024.- Ir\u00e1n ha respondido durante la madrugada de este viernes a un ataque sobre la provincia de Isfah\u00e1n (centro del pa\u00eds), cuyo origen y envergadura a\u00fan no est\u00e1n claros, pero que seg\u00fan medios israel\u00edes y estadounidenses ha sido la represalia de Israel al bombardeo iran\u00ed sobre su territorio del pasado s\u00e1bado.&nbsp;<\/p>\n\n\n\n<p>Teher\u00e1n niega haber sido atacado con misiles, reconoce haber derribado al menos tres drones y afirma que no han sufrido da\u00f1os, mientras Tel Aviv guarda silencio.<\/p>\n\n\n\n<p>El ataque ha provocado llamamientos de la comunidad internacional, desde la ONU a China, Rusia, Reino Unido y la UE, a la \u00abcontenci\u00f3n\u00bb de ambas partes para evitar una escalada en Oriente Medio.<\/p>\n\n\n\n<p>La televisi\u00f3n estatal iran\u00ed inform\u00f3 durante la noche de \u00abfuertes explosiones\u00bb en Isfah\u00e1n, provincia que alberga bases militares, centros de producci\u00f3n de misiles y un importante centro de tecnolog\u00eda nuclear, el de Natanz.&nbsp;<\/p>\n\n\n\n<p>Posteriormente, las autoridades han asegurado que las explosiones se deb\u00edan a la actividad de las defensas antia\u00e9reas, que han derribado tres drones.<\/p>\n\n\n\n<p>\u201cLos fuertes sonidos que se han escuchado en varias zonas de Ir\u00e1n se deben al derribo de microveh\u00edculos a\u00e9reos desconocidos por parte de los sistemas de defensa\u201d, ha indicado la televisi\u00f3n estatal.<\/p>\n\n\n\n<p>\u00abGracias a nuestra vigilancia, se dispar\u00f3 a objetos voladores\u00bb, ha confirmado el comandante en jefe del Ej\u00e9rcito de Ir\u00e1n, el general de divisi\u00f3n Abdul Rahim Musavi, a la agencia iran\u00ed Defa Press. \u201cNo hay informaciones de un ataque con misiles por ahora\u201d, ha declarado el portavoz de la Agencia Espacial de Ir\u00e1n, Hossein Dalirian, en su cuenta de la red social X.<\/p>\n\n\n\n<p>La agencia estatal IRNA ha informado de que no se han producido da\u00f1os, y la agencia semioficial Tasnim, vinculada al Cuerpo de Guardianes de la Revoluci\u00f3n, ha asegurado que las instalaciones nucleares en la provincia de Isfah\u00e1n est\u00e1n completamente seguras.&nbsp;<\/p>\n\n\n\n<p>El Organismo Internacional de la Energ\u00eda At\u00f3mica (OIEA), que inspecciona el programa nuclear iran\u00ed, ha comunicado tambi\u00e9n que no se han producido da\u00f1os a instalaciones nucleares.<\/p>\n\n\n\n<p>El espacio a\u00e9reo en el oeste del pa\u00eds ha permanecido varias horas cerrado y se han suspendido los vuelos en al menos tres ciudades, entre ellas Teher\u00e1n y su aeropuerto internacional.&nbsp;<\/p>\n\n\n\n<p>En la ma\u00f1ana del viernes, el espacio a\u00e9reo ya se hab\u00eda reabierto. \u201cSe han reanudado los vuelos en el Aeropuerto Internacional Imam Jomein\u00ed\u201d, ha confirmado el director de relaciones p\u00fablicas del aer\u00f3dromo, Javad Salehi, seg\u00fan recoge la agencia Mehr.<\/p>\n\n\n\n<p>El ataque israel\u00ed no se ha limitado a Ir\u00e1n: la agencia oficial siria SANA ha informado de \u00abda\u00f1os materiales\u00bb por un ataque israel\u00ed contra defensas antia\u00e9reas en el sur de Siria, lo que podr\u00eda apuntalar la versi\u00f3n de que la Fuerza A\u00e9rea israel\u00ed ha lanzado misiles hacia Ir\u00e1n desde el espacio a\u00e9reo sirio o iraqu\u00ed.<\/p>\n\n\n\n<p>Fuentes de EE.UU. atribuyen el ataque a Israel, que no lo confirma<\/p>\n\n\n\n<p>Y es que medios israel\u00edes y estadounidenses, que citan fuentes an\u00f3nimas de seguridad de ambos pa\u00edses, han insistido en que el ataque se ha producido con misiles, y que ha ocasionado da\u00f1os a instalaciones iran\u00edes.<\/p>\n\n\n\n<p>Fuentes estadounidenses han confirmado a medios de ese pa\u00eds que Israel les hab\u00eda avisado de que el ataque se iba a producir. Sin embargo, ni el gobierno ni los militares israel\u00edes han hecho ninguna declaraci\u00f3n hasta el momento.<\/p>\n\n\n\n<p>Medios israel\u00edes dan por hecho que se ha producido un ataque israel\u00ed. El diario The Jerusalem Post ha asegurado que Israel dispar\u00f3 misiles contra Ir\u00e1n desde aviones de larga distancia. Los misiles han impactado en una base a\u00e9rea iran\u00ed en Isfah\u00e1n, seg\u00fan este medio.&nbsp;<\/p>\n\n\n\n<p>El ministro israel\u00ed de Seguridad, Itamar Ben Gvir ha sido el \u00fanico miembro del Ejecutivo en manifestarse por el momento. Ben Gvir ha lanzado en X (antes Twitter) un mensaje con una sola palabra: \u00ab\u00a1D\u00e9bil!\u00bb.&nbsp;<\/p>\n\n\n\n<p>(Informaci\u00f3n de RTVE Noticias)<\/p>\n","protected":false},"excerpt":{"rendered":"<p>Redacci\u00f3n\/Zona Roja Cdmx. Foto: Ilustraci\u00f3n. Ciudad de M\u00e9xico, a 19 de abril de 2024.- Ir\u00e1n&hellip;<\/p>\n","protected":false},"author":2,"featured_media":47630,"comment_status":"closed","ping_status":"open","sticky":false,"template":"","format":"standard","meta":{"_lmt_disableupdate":"","_lmt_disable":"","_jetpack_memberships_contains_paid_content":false,"footnotes":""},"categories":[109,47],"tags":[1234],"class_list":["post-67473","post","type-post","status-publish","format-standard","has-post-thumbnail","hentry","category-minuto-a-minuto","category-zona-gris","tag-iran"],"jetpack_featured_media_url":"https:\/\/zonaroja.com.mx\/wp-content\/uploads\/2022\/11\/Cohete-ataque-Israel.jpeg","jetpack_sharing_enabled":true,"_links":{"self":[{"href":"https:\/\/zonaroja.com.mx\/index.php?rest_route=\/wp\/v2\/posts\/67473","targetHints":{"allow":["GET"]}}],"collection":[{"href":"https:\/\/zonaroja.com.mx\/index.php?rest_route=\/wp\/v2\/posts"}],"about":[{"href":"https:\/\/zonaroja.com.mx\/index.php?rest_route=\/wp\/v2\/types\/post"}],"author":[{"embeddable":true,"href":"https:\/\/zonaroja.com.mx\/index.php?rest_route=\/wp\/v2\/users\/2"}],"replies":[{"embeddable":true,"href":"https:\/\/zonaroja.com.mx\/index.php?rest_route=%2Fwp%2Fv2%2Fcomments&post=67473"}],"version-history":[{"count":1,"href":"https:\/\/zonaroja.com.mx\/index.php?rest_route=\/wp\/v2\/posts\/67473\/revisions"}],"predecessor-version":[{"id":67474,"href":"https:\/\/zonaroja.com.mx\/index.php?rest_route=\/wp\/v2\/posts\/67473\/revisions\/67474"}],"wp:featuredmedia":[{"embeddable":true,"href":"https:\/\/zonaroja.com.mx\/index.php?rest_route=\/wp\/v2\/media\/47630"}],"wp:attachment":[{"href":"https:\/\/zonaroja.com.mx\/index.php?rest_route=%2Fwp%2Fv2%2Fmedia&parent=67473"}],"wp:term":[{"taxonomy":"category","embeddable":true,"href":"https:\/\/zonaroja.com.mx\/index.php?rest_route=%2Fwp%2Fv2%2Fcategories&post=67473"},{"taxonomy":"post_tag","embeddable":true,"href":"https:\/\/zonaroja.com.mx\/index.php?rest_route=%2Fwp%2Fv2%2Ftags&post=67473"}],"curies":[{"name":"wp","href":"https:\/\/api.w.org\/{rel}","templated":true}]}}