{"id":67483,"date":"2024-04-19T15:15:00","date_gmt":"2024-04-19T20:15:00","guid":{"rendered":"http:\/\/www.zonaroja.com.mx\/?p=67483"},"modified":"2024-04-19T09:15:56","modified_gmt":"2024-04-19T14:15:56","slug":"la-percepcion-de-inseguridad-en-mexico-repunta-al-61-en-el-primer-trimestre-de-2024","status":"publish","type":"post","link":"https:\/\/zonaroja.com.mx\/?p=67483","title":{"rendered":"La percepci\u00f3n de inseguridad en M\u00e9xico repunta al 61% en el primer trimestre de 2024"},"content":{"rendered":"\n<p>Redacci\u00f3n\/Zona Roja Cdmx.<\/p>\n\n\n\n<p>Ciudad de M\u00e9xico, a 19 de abril de 2024.- La percepci\u00f3n de inseguridad de los mexicanos repunt\u00f3 al 61% en el primer trimestre de 2024, un periodo marcado por la violencia de la campa\u00f1a electoral, en la que el crimen es la mayor preocupaci\u00f3n de los votantes.<\/p>\n\n\n\n<p>Esto significa que m\u00e1s de 6 de cada 10 habitantes de m\u00e1s de 18 a\u00f1os consideraron inseguro vivir en su ciudad, seg\u00fan la Encuesta Nacional de Seguridad P\u00fablica Urbana (ENSU) que revel\u00f3 este jueves el Instituto Nacional de Estad\u00edstica y Geograf\u00eda (Inegi).<\/p>\n\n\n\n<p>El resultado de enero a marzo se compara con el 59.1% de octubre a diciembre de 2023, cuando alcanz\u00f3 su menor nivel desde que hay registro, apunt\u00f3 el instituto aut\u00f3nomo en su reporte.<\/p>\n\n\n\n<p>La percepci\u00f3n de inseguridad crece en medio de la violencia pol\u00edtica, con 15 aspirantes asesinados en lo que va del proceso hacia las elecciones del 2 de junio, seg\u00fan las cifras oficiales que report\u00f3 el martes el Gobierno.<\/p>\n\n\n\n<p>Las encuestas de los medios coinciden en que la seguridad es la prioridad de los votantes, con cerca de la mitad que la mencionan como su principal preocupaci\u00f3n.<\/p>\n\n\n\n<p>La estad\u00edstica del Inegi exhibi\u00f3 una persistente brecha de g\u00e9nero, con el 66.5% de las mujeres que reportaron inseguridad frente al 54.5% de los hombres.<\/p>\n\n\n\n<p>Un a\u00f1o antes, el 68.1% de ellas percib\u00edan inseguridad en comparaci\u00f3n con el 54.8% de ellos.<\/p>\n\n\n\n<p>El aumento en la percepci\u00f3n de inseguridad ocurre pese a una ca\u00edda del 4.43% interanual en los homicidios dolosos en el primer trimestre de 2024 hasta los 7,155, un promedio de 79 al d\u00eda, seg\u00fan revel\u00f3 el martes la Secretar\u00eda de Seguridad y Protecci\u00f3n Ciudadana (SSPC).<\/p>\n\n\n\n<p>La ciudad mexicana con mayor percepci\u00f3n de inseguridad fue otra vez Fresnillo, en el c\u00e9ntrico estado de Zacatecas, donde 95.4% de sus habitantes reportaron este sentimiento en medio de las masacres que ah\u00ed comete el crimen organizado.<\/p>\n\n\n\n<p>Le siguen Naucalpan (89.6%), Zacatecas (89.3%), Chilpancingo (87.3%), Cuernavaca (87%) y Ciudad Obreg\u00f3n (86.6%).<\/p>\n\n\n\n<p>En contraste, la ciudad menos insegura fue la alcald\u00eda Benito Ju\u00e1rez, demarcaci\u00f3n interna de Ciudad de M\u00e9xico, donde solo 11.1% de la poblaci\u00f3n report\u00f3 inseguridad.<\/p>\n\n\n\n<p>Le siguieron Piedras Negras (19%), Cuajimalpa (22.5%), M\u00e9rida (23.2%), Tampico (23.6%), y Los Cabos (24.8%).<\/p>\n\n\n\n<p>Sobre espacios espec\u00edficos, el 69.4% de la poblaci\u00f3n sinti\u00f3 inseguridad en los cajeros autom\u00e1ticos, el 63.9% en el transporte p\u00fablico, el 53.9% en las carreteras y el 53.5% en el banco.<\/p>\n\n\n\n<p>El 33.9% de la poblaci\u00f3n consider\u00f3 que, en los pr\u00f3ximos 12 meses, la situaci\u00f3n de delincuencia e inseguridad \u201cseguir\u00e1 igual de mal\u201d y otro 21.5% refiri\u00f3 que \u201cempeorar\u00e1\u201d.&nbsp;<\/p>\n\n\n\n<p>En contraste, el 19.2% opin\u00f3 que la situaci\u00f3n \u201cseguir\u00e1 igual de bien\u201d y 23.5% espera que mejore.<\/p>\n\n\n\n<p>La ciudadan\u00eda que report\u00f3 haber atestiguado delitos cerca de su vivienda se relacion\u00f3 con consumo de alcohol en las calles (59.2%), robos o asaltos (49%), vandalismo (40.6%), venta o consumo de drogas (38.6%), disparos de armas (37%) y bandas violentas o pandillerismo (25%).<\/p>\n\n\n\n<p>(Con informaci\u00f3n de EFE)<\/p>\n","protected":false},"excerpt":{"rendered":"<p>Redacci\u00f3n\/Zona Roja Cdmx. Ciudad de M\u00e9xico, a 19 de abril de 2024.- La percepci\u00f3n de&hellip;<\/p>\n","protected":false},"author":2,"featured_media":46036,"comment_status":"closed","ping_status":"open","sticky":false,"template":"","format":"standard","meta":{"_lmt_disableupdate":"","_lmt_disable":"","_jetpack_memberships_contains_paid_content":false,"footnotes":""},"categories":[109,47],"tags":[],"class_list":["post-67483","post","type-post","status-publish","format-standard","has-post-thumbnail","hentry","category-minuto-a-minuto","category-zona-gris"],"jetpack_featured_media_url":"https:\/\/zonaroja.com.mx\/wp-content\/uploads\/2022\/09\/Violencia-asalto-homicidio-Mexico.webp","jetpack_sharing_enabled":true,"_links":{"self":[{"href":"https:\/\/zonaroja.com.mx\/index.php?rest_route=\/wp\/v2\/posts\/67483","targetHints":{"allow":["GET"]}}],"collection":[{"href":"https:\/\/zonaroja.com.mx\/index.php?rest_route=\/wp\/v2\/posts"}],"about":[{"href":"https:\/\/zonaroja.com.mx\/index.php?rest_route=\/wp\/v2\/types\/post"}],"author":[{"embeddable":true,"href":"https:\/\/zonaroja.com.mx\/index.php?rest_route=\/wp\/v2\/users\/2"}],"replies":[{"embeddable":true,"href":"https:\/\/zonaroja.com.mx\/index.php?rest_route=%2Fwp%2Fv2%2Fcomments&post=67483"}],"version-history":[{"count":1,"href":"https:\/\/zonaroja.com.mx\/index.php?rest_route=\/wp\/v2\/posts\/67483\/revisions"}],"predecessor-version":[{"id":67484,"href":"https:\/\/zonaroja.com.mx\/index.php?rest_route=\/wp\/v2\/posts\/67483\/revisions\/67484"}],"wp:featuredmedia":[{"embeddable":true,"href":"https:\/\/zonaroja.com.mx\/index.php?rest_route=\/wp\/v2\/media\/46036"}],"wp:attachment":[{"href":"https:\/\/zonaroja.com.mx\/index.php?rest_route=%2Fwp%2Fv2%2Fmedia&parent=67483"}],"wp:term":[{"taxonomy":"category","embeddable":true,"href":"https:\/\/zonaroja.com.mx\/index.php?rest_route=%2Fwp%2Fv2%2Fcategories&post=67483"},{"taxonomy":"post_tag","embeddable":true,"href":"https:\/\/zonaroja.com.mx\/index.php?rest_route=%2Fwp%2Fv2%2Ftags&post=67483"}],"curies":[{"name":"wp","href":"https:\/\/api.w.org\/{rel}","templated":true}]}}