{"id":67488,"date":"2024-04-21T09:13:00","date_gmt":"2024-04-21T15:13:00","guid":{"rendered":"https:\/\/zonaroja.com.mx\/?p=67488"},"modified":"2024-04-21T20:18:56","modified_gmt":"2024-04-22T02:18:56","slug":"en-actividades-privadas-supervisa-amlo-obras-en-oaxaca","status":"publish","type":"post","link":"https:\/\/zonaroja.com.mx\/?p=67488","title":{"rendered":"En actividades privadas, supervisa AMLO obras en Oaxaca"},"content":{"rendered":"\n<p>Raymundo Morales\/Zona Roja.<\/p>\n\n\n\n<p>Oaxaca de Ju\u00e1rez, Oax., a 21 de abril de 2024.- El Presidente de M\u00e9xico, Andr\u00e9s Manuel L\u00f3pez Obrador, sostuvo en Oaxaca al menos tres actividades de car\u00e1cter privado, entre ellas la supervisi\u00f3n de obra p\u00fablica.<\/p>\n\n\n\n<p>A temprana hora arrib\u00f3 a la sede de la XXVIII Zona Militar de la Sedena, con sede en Santa Mar\u00eda Ixcotel, municipio de Santa Luc\u00eda del Camino, conurbado a la capital.<\/p>\n\n\n\n<p>Ah\u00ed sostuvo diversas reuniones de trabajo, entre ellas con autoridades municipales, quienes eran recibidas en el acceso a las instalaciones, a un costado de la carretera Internacional 190, previo registro e identificaci\u00f3n.<\/p>\n\n\n\n<p>\u201cYa estamos con nuestro Presidente @lopezobrador_, con quien estaremos realizando una gira de supervisi\u00f3n este fin de semana, para evaluar el avance de las obras de infraestructura que se impulsan en el estado\u201d, poste\u00f3 el gobernador Salom\u00f3n Jara Cruz, junto con dos fotograf\u00edas en que muestra la recepci\u00f3n al mandatario mexicano.<\/p>\n\n\n\n<p>El encuentro en la sede militar, resguardada por militares vestidos de civil, dur\u00f3 al menos tres horas y en el exterior no hubo protestas ni concentraciones masivas, contrario a otras visitas anteriores.<\/p>\n\n\n\n<p>Tras ello, la comitiva oficial se traslad\u00f3 v\u00eda a\u00e9rea a la ciudad y puerto de Salina Cruz, donde supervisaron la planta coquizadora, que se construye en la refiner\u00eda \u201cIng. Antonio Doval\u00ed Jaime\u201d de Petr\u00f3leos Mexicanos.<\/p>\n\n\n\n<p>En ese contexto, y tras la retirada del Presidente, en las instalaciones petroleras se registr\u00f3 una explosi\u00f3n en la caldera CB-4, sin que se registraran v\u00edctimas y sin que hubiera versi\u00f3n oficial de Pemex por estos hechos.<\/p>\n\n\n\n<p>Las autoridades estatales y federales abordaron de nuevo las aeronaves militares y v\u00eda a\u00e9rea supervisaron las obras de la supercarretera Oaxaca-Istmo, en su tramo Mitla-Tehuantepec, y en que se aprecian al menos tres enormes puentes con severos retrasos en su reconstrucci\u00f3n; la v\u00eda, ha prometido L\u00f3pez Obrador, ser\u00eda inaugurada en agosto pr\u00f3ximo.<\/p>\n\n\n\n<p>El mandatario mexicano se encuentra este domingo en Veracruz, donde encabeza actividades oficiales.<\/p>\n","protected":false},"excerpt":{"rendered":"<p>Raymundo Morales\/Zona Roja. Oaxaca de Ju\u00e1rez, Oax., a 21 de abril de 2024.- El Presidente&hellip;<\/p>\n","protected":false},"author":2,"featured_media":67493,"comment_status":"closed","ping_status":"open","sticky":false,"template":"","format":"standard","meta":{"_lmt_disableupdate":"","_lmt_disable":"","_jetpack_memberships_contains_paid_content":false,"footnotes":""},"categories":[109,46],"tags":[143],"class_list":["post-67488","post","type-post","status-publish","format-standard","has-post-thumbnail","hentry","category-minuto-a-minuto","category-zona-blanca","tag-andres-manuel-lopez-obrador"],"jetpack_featured_media_url":"https:\/\/zonaroja.com.mx\/wp-content\/uploads\/2024\/04\/Lopez-Obrador-y-Salomon-Jara-en-Oaxaca.jpeg","jetpack_sharing_enabled":true,"_links":{"self":[{"href":"https:\/\/zonaroja.com.mx\/index.php?rest_route=\/wp\/v2\/posts\/67488","targetHints":{"allow":["GET"]}}],"collection":[{"href":"https:\/\/zonaroja.com.mx\/index.php?rest_route=\/wp\/v2\/posts"}],"about":[{"href":"https:\/\/zonaroja.com.mx\/index.php?rest_route=\/wp\/v2\/types\/post"}],"author":[{"embeddable":true,"href":"https:\/\/zonaroja.com.mx\/index.php?rest_route=\/wp\/v2\/users\/2"}],"replies":[{"embeddable":true,"href":"https:\/\/zonaroja.com.mx\/index.php?rest_route=%2Fwp%2Fv2%2Fcomments&post=67488"}],"version-history":[{"count":1,"href":"https:\/\/zonaroja.com.mx\/index.php?rest_route=\/wp\/v2\/posts\/67488\/revisions"}],"predecessor-version":[{"id":67489,"href":"https:\/\/zonaroja.com.mx\/index.php?rest_route=\/wp\/v2\/posts\/67488\/revisions\/67489"}],"wp:featuredmedia":[{"embeddable":true,"href":"https:\/\/zonaroja.com.mx\/index.php?rest_route=\/wp\/v2\/media\/67493"}],"wp:attachment":[{"href":"https:\/\/zonaroja.com.mx\/index.php?rest_route=%2Fwp%2Fv2%2Fmedia&parent=67488"}],"wp:term":[{"taxonomy":"category","embeddable":true,"href":"https:\/\/zonaroja.com.mx\/index.php?rest_route=%2Fwp%2Fv2%2Fcategories&post=67488"},{"taxonomy":"post_tag","embeddable":true,"href":"https:\/\/zonaroja.com.mx\/index.php?rest_route=%2Fwp%2Fv2%2Ftags&post=67488"}],"curies":[{"name":"wp","href":"https:\/\/api.w.org\/{rel}","templated":true}]}}