{"id":67496,"date":"2024-04-21T19:01:00","date_gmt":"2024-04-22T01:01:00","guid":{"rendered":"https:\/\/zonaroja.com.mx\/?p=67496"},"modified":"2024-04-22T07:03:17","modified_gmt":"2024-04-22T13:03:17","slug":"asesinan-a-dos-jovenes-en-la-costa-cuatro-heridos-en-ataque-armado-en-el-istmo","status":"publish","type":"post","link":"https:\/\/zonaroja.com.mx\/?p=67496","title":{"rendered":"Asesinan a dos j\u00f3venes en la Costa; cuatro heridos en ataque armado en el Istmo"},"content":{"rendered":"\n<p>Raymundo Morales\/Zona Roja.<\/p>\n\n\n\n<p>Oaxaca de Ju\u00e1rez, Oax., a 21 de abril de 2024.- Al menos cuatro personas, entre ellas un menor de edad, fueron lesionadas de bala esta noche en Salina Cruz, municipio de la regi\u00f3n del Istmo, mientras que en Pinotepa Nacional, regi\u00f3n Costa de Oaxaca, fueron ultimados dos j\u00f3venes.<\/p>\n\n\n\n<p>En la avenida Teniente Azueta, entre las colonias Guadalupe y San Pablo Sur, cerca del Astillero de Marina de la ciudad y puerto istme\u00f1o, se registr\u00f3 un ataque armado, de sujetos que tras ello lograron huir.<\/p>\n\n\n\n<p>De acuerdo con informaci\u00f3n del periodista Edwin Meneses, una de las v\u00edctimas fue identificada como Carlos I. D., de 40 a\u00f1os de edad; otro Manuel L. G., de 50 a\u00f1os, y la se\u00f1ora Mar\u00eda de los \u00c1ngeles T., as\u00ed como un menor de cinco a\u00f1os de edad.<\/p>\n\n\n\n<p>Las v\u00edctimas fueron atendidas por param\u00e9dicos de la Comisi\u00f3n Nacional de Emergencias y trasladadas a un hospital; se hab\u00eda informado de manera preliminar que una persona perdi\u00f3 la vida, lo cual no se ha confirmado de manera oficial.<\/p>\n\n\n\n<p>EN PINOTEPA<\/p>\n\n\n\n<p>Por otra parte, en el municipio coste\u00f1o de Santiago Pinotepa Nacional fueron ejecutados a balazos dos j\u00f3venes.<\/p>\n\n\n\n<p>La agresi\u00f3n armada ocurri\u00f3 durante la madrugada de este domingo, donde fueron localizados los cuerpos de las v\u00edctimas una de las cuales muri\u00f3 en el lugar y otra posteriormente cuando recib\u00eda atenci\u00f3n m\u00e9dica en un hospital.<\/p>\n\n\n\n<p>Hasta el momento en ambos casos no hay personas detenidas y los casos son investigados por personal de la Fiscal\u00eda General del Estado de Oaxaca.<\/p>\n","protected":false},"excerpt":{"rendered":"<p>Raymundo Morales\/Zona Roja. Oaxaca de Ju\u00e1rez, Oax., a 21 de abril de 2024.- Al menos&hellip;<\/p>\n","protected":false},"author":2,"featured_media":67497,"comment_status":"closed","ping_status":"open","sticky":false,"template":"","format":"standard","meta":{"_lmt_disableupdate":"","_lmt_disable":"","_jetpack_memberships_contains_paid_content":false,"footnotes":""},"categories":[109,51],"tags":[],"class_list":["post-67496","post","type-post","status-publish","format-standard","has-post-thumbnail","hentry","category-minuto-a-minuto","category-zona-roja"],"jetpack_featured_media_url":"https:\/\/zonaroja.com.mx\/wp-content\/uploads\/2024\/04\/Agresion-armada-Salina-Cruz.jpeg","jetpack_sharing_enabled":true,"_links":{"self":[{"href":"https:\/\/zonaroja.com.mx\/index.php?rest_route=\/wp\/v2\/posts\/67496","targetHints":{"allow":["GET"]}}],"collection":[{"href":"https:\/\/zonaroja.com.mx\/index.php?rest_route=\/wp\/v2\/posts"}],"about":[{"href":"https:\/\/zonaroja.com.mx\/index.php?rest_route=\/wp\/v2\/types\/post"}],"author":[{"embeddable":true,"href":"https:\/\/zonaroja.com.mx\/index.php?rest_route=\/wp\/v2\/users\/2"}],"replies":[{"embeddable":true,"href":"https:\/\/zonaroja.com.mx\/index.php?rest_route=%2Fwp%2Fv2%2Fcomments&post=67496"}],"version-history":[{"count":1,"href":"https:\/\/zonaroja.com.mx\/index.php?rest_route=\/wp\/v2\/posts\/67496\/revisions"}],"predecessor-version":[{"id":67498,"href":"https:\/\/zonaroja.com.mx\/index.php?rest_route=\/wp\/v2\/posts\/67496\/revisions\/67498"}],"wp:featuredmedia":[{"embeddable":true,"href":"https:\/\/zonaroja.com.mx\/index.php?rest_route=\/wp\/v2\/media\/67497"}],"wp:attachment":[{"href":"https:\/\/zonaroja.com.mx\/index.php?rest_route=%2Fwp%2Fv2%2Fmedia&parent=67496"}],"wp:term":[{"taxonomy":"category","embeddable":true,"href":"https:\/\/zonaroja.com.mx\/index.php?rest_route=%2Fwp%2Fv2%2Fcategories&post=67496"},{"taxonomy":"post_tag","embeddable":true,"href":"https:\/\/zonaroja.com.mx\/index.php?rest_route=%2Fwp%2Fv2%2Ftags&post=67496"}],"curies":[{"name":"wp","href":"https:\/\/api.w.org\/{rel}","templated":true}]}}