{"id":67499,"date":"2024-04-22T07:35:42","date_gmt":"2024-04-22T13:35:42","guid":{"rendered":"https:\/\/zonaroja.com.mx\/?p=67499"},"modified":"2024-04-22T07:35:43","modified_gmt":"2024-04-22T13:35:43","slug":"accidentes-dejan-al-menos-10-muertos-en-oaxaca-durante-domingo","status":"publish","type":"post","link":"https:\/\/zonaroja.com.mx\/?p=67499","title":{"rendered":"Accidentes dejan al menos 10 muertos en Oaxaca durante domingo"},"content":{"rendered":"\n<p>Ismael Garc\u00eda M.\/Zona Roja.<\/p>\n\n\n\n<p>Oaxaca de Ju\u00e1rez, Oax., a 22 de abril de 2024.- Al menos ocho personas perdieron la vida ayer a causa de accidentes viales en carreteras de Oaxaca, mientras que en la capital una mujer perdi\u00f3 el pie debido a la ca\u00edda de un \u00e1rbol, tras la tormenta.<\/p>\n\n\n\n<p>Ayer por la tarde-noche en la carretera Panamericana, en jurisdicci\u00f3n de Santo Domingo Zanatepec, a la altura de la comunidad El J\u00edcaro, un taxi colectivo y un veh\u00edculo particular protagonizaron un fuerte percance.<\/p>\n\n\n\n<p>Como resultado de ello, al menos seis personas perdieron la vida, cuatro de ellas migrantes, y el chofer del taxi del sitio \u201cSanto Domingo\u201d, identificado como Ezquiel H. Mientras que del veh\u00edculo particular perdi\u00f3 la vida una mujer&nbsp;<\/p>\n\n\n\n<p>Al menos cuatro personas m\u00e1s, entre ellas una menor de edad, resultaron lesionadas, por lo cual fueron trasladadas a hospitales de esa zona oriente de la regi\u00f3n del Istmo.<\/p>\n\n\n\n<p>EN CUICATL\u00c1N<\/p>\n\n\n\n<p>Por otra parte, en el r\u00edo ubicado en San Jos\u00e9 El Chilar, en San Juan Bautista Cuicatl\u00e1n, municipio de la regi\u00f3n Sierra de Flores Mag\u00f3n, dos j\u00f3venes perdieron la vida ahogados.<\/p>\n\n\n\n<p>Seg\u00fan informes de organismos de protecci\u00f3n civil, las v\u00edctimas eran originarias del municipio de San Pedro Coxcaltepec y hab\u00edan acudido con sus familiares a disfrutar del fin de semana; fueron identificados de manera preliminar como Oscar H. C., de 15 a\u00f1os de edad, y Marco H. C., de 18 a\u00f1os.<\/p>\n\n\n\n<p>EN LA CAPITAL<\/p>\n\n\n\n<p>Por otra parte, las fuertes lluvias de ayer por la tarde en la ciudad de Oaxaca y zona metropolitana, causaron diversos da\u00f1os, entre ellos ca\u00edda de \u00e1rboles y postes, as\u00ed como encharcamientos.<\/p>\n\n\n\n<p>En el jard\u00edn San Francisco, en el centro de la capital, una rama cay\u00f3 encima de una mujer de 61 a\u00f1os de edad y que le caus\u00f3 severas lesiones as\u00ed como la amputaci\u00f3n de un pie.&nbsp;<\/p>\n\n\n\n<p>La se\u00f1ora Aristea M. A., fue auxiliada por personal de la Cruz Roja Mexicana y trasladada a un hospital, donde a\u00fan contin\u00faa encamada.<\/p>\n","protected":false},"excerpt":{"rendered":"<p>Ismael Garc\u00eda M.\/Zona Roja. Oaxaca de Ju\u00e1rez, Oax., a 22 de abril de 2024.- Al&hellip;<\/p>\n","protected":false},"author":2,"featured_media":67500,"comment_status":"closed","ping_status":"open","sticky":false,"template":"","format":"standard","meta":{"_lmt_disableupdate":"","_lmt_disable":"","_jetpack_memberships_contains_paid_content":false,"footnotes":""},"categories":[109,47],"tags":[809],"class_list":["post-67499","post","type-post","status-publish","format-standard","has-post-thumbnail","hentry","category-minuto-a-minuto","category-zona-gris","tag-santo-domingo-zanatepec"],"jetpack_featured_media_url":"https:\/\/zonaroja.com.mx\/wp-content\/uploads\/2024\/04\/Accidente-migrantes-Zanatepec.jpeg","jetpack_sharing_enabled":true,"_links":{"self":[{"href":"https:\/\/zonaroja.com.mx\/index.php?rest_route=\/wp\/v2\/posts\/67499","targetHints":{"allow":["GET"]}}],"collection":[{"href":"https:\/\/zonaroja.com.mx\/index.php?rest_route=\/wp\/v2\/posts"}],"about":[{"href":"https:\/\/zonaroja.com.mx\/index.php?rest_route=\/wp\/v2\/types\/post"}],"author":[{"embeddable":true,"href":"https:\/\/zonaroja.com.mx\/index.php?rest_route=\/wp\/v2\/users\/2"}],"replies":[{"embeddable":true,"href":"https:\/\/zonaroja.com.mx\/index.php?rest_route=%2Fwp%2Fv2%2Fcomments&post=67499"}],"version-history":[{"count":1,"href":"https:\/\/zonaroja.com.mx\/index.php?rest_route=\/wp\/v2\/posts\/67499\/revisions"}],"predecessor-version":[{"id":67501,"href":"https:\/\/zonaroja.com.mx\/index.php?rest_route=\/wp\/v2\/posts\/67499\/revisions\/67501"}],"wp:featuredmedia":[{"embeddable":true,"href":"https:\/\/zonaroja.com.mx\/index.php?rest_route=\/wp\/v2\/media\/67500"}],"wp:attachment":[{"href":"https:\/\/zonaroja.com.mx\/index.php?rest_route=%2Fwp%2Fv2%2Fmedia&parent=67499"}],"wp:term":[{"taxonomy":"category","embeddable":true,"href":"https:\/\/zonaroja.com.mx\/index.php?rest_route=%2Fwp%2Fv2%2Fcategories&post=67499"},{"taxonomy":"post_tag","embeddable":true,"href":"https:\/\/zonaroja.com.mx\/index.php?rest_route=%2Fwp%2Fv2%2Ftags&post=67499"}],"curies":[{"name":"wp","href":"https:\/\/api.w.org\/{rel}","templated":true}]}}