{"id":6750,"date":"2019-12-17T22:15:28","date_gmt":"2019-12-18T04:15:28","guid":{"rendered":"http:\/\/www.zonaroja.com.mx\/?p=6750"},"modified":"2019-12-17T22:15:33","modified_gmt":"2019-12-18T04:15:33","slug":"cesan-a-presunto-acosador-sexual-en-el-ieepo-lo-investigan-por-fraudes","status":"publish","type":"post","link":"https:\/\/zonaroja.com.mx\/?p=6750","title":{"rendered":"Cesan a presunto acosador sexual en el IEEPO; lo investigan por fraudes"},"content":{"rendered":"\n<p>Redacci\u00f3n\/Zona Roja.<\/p>\n\n\n\n<p>Oaxaca de Ju\u00e1rez, Oax., 17 de diciembre\nde 2019.- Un funcionario identificado como Jes\u00fas M. C., fue cesado del\nInstituto Estatal de Educaci\u00f3n P\u00fablica de Oaxaca, tras denuncias de acoso\nsexual.<\/p>\n\n\n\n<p>Pero adem\u00e1s, es investigado por crear\nuna red de complicidades y fraudes para otorgar plazas bajo favores sexuales o\ndinero, en el nivel de Secundarias, presuntamente en contubernio con Tania\nLuna, titular de la Unidad de Secundarias en el IEEPO, a quien se\u00f1alan como su\npareja adem\u00e1s.<\/p>\n\n\n\n<p>De acuerdo con las diversas denuncias, Jes\u00fas M. C., hac\u00eda cambios de adscripci\u00f3n, ascensos o movimientos escalafonarios no por antig\u00fcedad laboral, sino a cambio de favores sexuales; de no acceder las mujeres, las enviaba a comunidades lejanas.<\/p>\n\n\n\n<figure class=\"wp-block-embed-twitter wp-block-embed is-type-rich is-provider-twitter\"><div class=\"wp-block-embed__wrapper\">\n<div class=\"twitter-tweet\"><blockquote class=\"twitter-tweet\" data-lang=\"es\"><p lang=\"es\" dir=\"ltr\">Separa IEEPO de su cargo a funcionario para iniciar investigaci\u00f3n <a href=\"https:\/\/t.co\/IqyIzn39yP\">pic.twitter.com\/IqyIzn39yP<\/a><\/p>&mdash; IEEPO (@IEEPOGobOax) <a href=\"https:\/\/twitter.com\/IEEPOGobOax\/status\/1206733189961732096?ref_src=twsrc%5Etfw\">17 de diciembre de 2019<\/a><\/blockquote><\/div>\n<\/div><\/figure>\n\n\n\n<p>En un comunicado fechado el 16 de\ndiciembre de este a\u00f1o, el IEEPO inform\u00f3 que separ\u00f3 de su cargo a Jes\u00fas M. C. \u201cpara\nque se realicen las investigaciones correspondientes a una supuesta acusaci\u00f3n\nan\u00f3nima en redes sociales de acoso sexual\u201d.<\/p>\n\n\n\n<p>Indic\u00f3 que el IEEPO reitera su respeto\ncon cada una de las y los trabajadores al servicio de la educaci\u00f3n, \u201cen\nparticular para que los derechos de las mujeres no sean vulnerados\u201d.<\/p>\n\n\n\n<p>A\u00f1adi\u00f3 que se solicit\u00f3 al \u00d3rgano\nInterno de Control realice la investigaci\u00f3n correspondiente y se atienda\nconforme a la ley, sin vulnerar los derechos de los trabajadores involucrados.<\/p>\n\n\n\n<p>\u201cEl IEEPO promueve y es respetuoso de los derechos humanos, en especial de las mujeres, j\u00f3venes y ni\u00f1as oaxaque\u00f1as, por lo que vela para que \u00e9stos sean garantizados\u201d, concluy\u00f3.<\/p>\n\n\n\n<figure class=\"wp-block-image\"><img decoding=\"async\" width=\"466\" height=\"960\" src=\"http:\/\/www.zonaroja.com.mx\/wp-content\/uploads\/2019\/12\/8719e2dd-73be-4c9b-89f2-3dcabc05f493.jpg\" alt=\"\" class=\"wp-image-6752\" srcset=\"https:\/\/zonaroja.com.mx\/wp-content\/uploads\/2019\/12\/8719e2dd-73be-4c9b-89f2-3dcabc05f493.jpg 466w, https:\/\/zonaroja.com.mx\/wp-content\/uploads\/2019\/12\/8719e2dd-73be-4c9b-89f2-3dcabc05f493-146x300.jpg 146w\" sizes=\"(max-width: 466px) 100vw, 466px\" \/><\/figure>\n\n\n\n<figure class=\"wp-block-image\"><img decoding=\"async\" width=\"466\" height=\"960\" src=\"http:\/\/www.zonaroja.com.mx\/wp-content\/uploads\/2019\/12\/5b778257-0088-49ce-a802-30de19f76a52.jpg\" alt=\"\" class=\"wp-image-6753\" srcset=\"https:\/\/zonaroja.com.mx\/wp-content\/uploads\/2019\/12\/5b778257-0088-49ce-a802-30de19f76a52.jpg 466w, https:\/\/zonaroja.com.mx\/wp-content\/uploads\/2019\/12\/5b778257-0088-49ce-a802-30de19f76a52-146x300.jpg 146w\" sizes=\"(max-width: 466px) 100vw, 466px\" \/><\/figure>\n","protected":false},"excerpt":{"rendered":"<p>Redacci\u00f3n\/Zona Roja. Oaxaca de Ju\u00e1rez, Oax., 17 de diciembre de 2019.- Un funcionario identificado como&hellip;<\/p>\n","protected":false},"author":2,"featured_media":6751,"comment_status":"closed","ping_status":"open","sticky":false,"template":"","format":"standard","meta":{"_lmt_disableupdate":"","_lmt_disable":"","_jetpack_memberships_contains_paid_content":false,"footnotes":""},"categories":[109,47],"tags":[599],"class_list":["post-6750","post","type-post","status-publish","format-standard","has-post-thumbnail","hentry","category-minuto-a-minuto","category-zona-gris","tag-instituto-estatal-de-educacion-publica-de-oaxaca"],"jetpack_featured_media_url":"https:\/\/zonaroja.com.mx\/wp-content\/uploads\/2019\/12\/2713ff24-4d97-47e5-ae50-2f21eb3d145d.jpg","jetpack_sharing_enabled":true,"_links":{"self":[{"href":"https:\/\/zonaroja.com.mx\/index.php?rest_route=\/wp\/v2\/posts\/6750","targetHints":{"allow":["GET"]}}],"collection":[{"href":"https:\/\/zonaroja.com.mx\/index.php?rest_route=\/wp\/v2\/posts"}],"about":[{"href":"https:\/\/zonaroja.com.mx\/index.php?rest_route=\/wp\/v2\/types\/post"}],"author":[{"embeddable":true,"href":"https:\/\/zonaroja.com.mx\/index.php?rest_route=\/wp\/v2\/users\/2"}],"replies":[{"embeddable":true,"href":"https:\/\/zonaroja.com.mx\/index.php?rest_route=%2Fwp%2Fv2%2Fcomments&post=6750"}],"version-history":[{"count":1,"href":"https:\/\/zonaroja.com.mx\/index.php?rest_route=\/wp\/v2\/posts\/6750\/revisions"}],"predecessor-version":[{"id":6754,"href":"https:\/\/zonaroja.com.mx\/index.php?rest_route=\/wp\/v2\/posts\/6750\/revisions\/6754"}],"wp:featuredmedia":[{"embeddable":true,"href":"https:\/\/zonaroja.com.mx\/index.php?rest_route=\/wp\/v2\/media\/6751"}],"wp:attachment":[{"href":"https:\/\/zonaroja.com.mx\/index.php?rest_route=%2Fwp%2Fv2%2Fmedia&parent=6750"}],"wp:term":[{"taxonomy":"category","embeddable":true,"href":"https:\/\/zonaroja.com.mx\/index.php?rest_route=%2Fwp%2Fv2%2Fcategories&post=6750"},{"taxonomy":"post_tag","embeddable":true,"href":"https:\/\/zonaroja.com.mx\/index.php?rest_route=%2Fwp%2Fv2%2Ftags&post=6750"}],"curies":[{"name":"wp","href":"https:\/\/api.w.org\/{rel}","templated":true}]}}