{"id":67502,"date":"2024-04-22T07:45:21","date_gmt":"2024-04-22T13:45:21","guid":{"rendered":"https:\/\/zonaroja.com.mx\/?p=67502"},"modified":"2024-04-22T18:39:55","modified_gmt":"2024-04-23T00:39:55","slug":"opinion-inician-comicios-en-oaxaca-entre-incertidumbre-y-violencia","status":"publish","type":"post","link":"https:\/\/zonaroja.com.mx\/?p=67502","title":{"rendered":"Opini\u00f3n. Inician comicios en Oaxaca, entre incertidumbre \u00bfy violencia?"},"content":{"rendered":"\n<p>Ismael Garc\u00eda M.\/Zona Roja.<\/p>\n\n\n\n<p>Oaxaca, Oax., a 22 de abril de 2024.- La violencia y la crisis en el Instituto Electoral, aunado a la ambici\u00f3n de los actores pol\u00edticos, est\u00e1n derivando en un peligroso coctel, que puede terminar mal en Oaxaca.<\/p>\n\n\n\n<p>Cada tres a\u00f1os, justamente son las presidencias municipales las que desatan una mayor ambici\u00f3n por el poder y el dinero, lo que deriva en pugnas, enfrentamientos y en cr\u00edmenes.<\/p>\n\n\n\n<p>Son poderosas razones: los millones de pesos que manejan anualmente los municipios; ahora pr\u00e1cticamente en su totalidad, los ayuntamientos tiene a su asesor-despacho contable que le limpia todas las cuentas, a\u00fan del dinero producto de la corrupci\u00f3n, adem\u00e1s de \u201cejecutar\u201d las obras.<\/p>\n\n\n\n<p>Y a eso hay que agregarle la sombra del crimen organizado, que d\u00eda con d\u00eda sienta sus reales en Oaxaca y que cotidianamente deja huella por todos lados, con asesinatos y ejecuciones.<\/p>\n\n\n\n<p>Como sucede a lo largo y ancho del pa\u00eds, tambi\u00e9n pone y quita candidatos a un cargo de representaci\u00f3n popular.<\/p>\n\n\n\n<p>La corona o el acab\u00f3se es la grave crisis en el Instituto Estatal Electoral y de Participaci\u00f3n Ciudadana con el caso de Elizabeth S\u00e1nchez Gonz\u00e1lez y cuya presidenta suspendida temporalmente, curiosamente, ha tenido poco eco y respaldo pol\u00edtico y social.<\/p>\n\n\n\n<p>\u00c1RBITRO \u00bfVENDIDO?<\/p>\n\n\n\n<p>Desde septiembre pasado el encargado de la Contralor\u00eda del IEEPCO, Salvador Alejandro Cruz, difundi\u00f3 un presunto desv\u00edo de recursos o irregularidades por cerca de 20 millones de pesos, supuestamente cometidos por la presidenta del Consejo General.<\/p>\n\n\n\n<p>Curiosamente tambi\u00e9n, las bater\u00edas s\u00f3lo se enfocaron en contra de ella y su contadora y no contra todos los integrantes de las comisiones encargadas de las licitaciones y las compras.<\/p>\n\n\n\n<p>La presidenta fue suspendida por un mes pero rebati\u00f3 y logr\u00f3 que, antes del plazo, fuera restituida del cargo.<\/p>\n\n\n\n<p>Pero, presuntamente desde el Palacio de Gobierno y desde Morena, surgi\u00f3 otra arremetida, al darse a conocer el 10 de abril pasado una resoluci\u00f3n del Tribunal de Justicia Administrativa en que la suspend\u00edan del cargo a ella y a la jefa administrativa, por un a\u00f1o.<\/p>\n\n\n\n<p>Las prisas hicieron que dicho tribunal dejara establecido que la sentencia ser\u00eda efectiva hasta que causara ejecutoria, lo cual le vali\u00f3 una llamada de atenci\u00f3n y de nuevo recul\u00f3 el \u00f3rgano, que encabeza Mateo Mart\u00ednez, y quien por cierto fue impuesto \u201cfast track\u201d en ese cargo.<\/p>\n\n\n\n<p>Entonces tuvo que intervenir el Instituto Nacional Electoral, el 17 de abril, para hacer saber al IEEPCO que tendr\u00eda que designar a una o un presidente encargado hasta por un mes, en tanto Elizabeth S\u00e1nchez aclaraba legalmente su situaci\u00f3n.<\/p>\n\n\n\n<p>Con su silencio, los consejeros pr\u00e1cticamente la han lapidado, al igual que los representantes pol\u00edticos en el instituto electoral, salvo el PRD, \u00fanico partido que sali\u00f3 en defensa de S\u00e1nchez Gonz\u00e1lez.<\/p>\n\n\n\n<p>Poco eco tambi\u00e9n en los organismos civiles y mucho menos de las feministas, que se rasgan la vestidura por menos. Es decir, todos se han confabulado para sentenciar ya a la presidenta del IEEPCO con licencia.<\/p>\n\n\n\n<p>Y todo ello ocurre en el marco del proceso electoral 2023-2024, al que le queda poco m\u00e1s de un mes.&nbsp;<\/p>\n\n\n\n<p>En el \u00f3rgano electoral las cosas no est\u00e1n bien y largo ser\u00eda enumerar los yerros e irregularidades, como la asignaci\u00f3n directa de licitaciones, pero el m\u00e1s grave, es la crisis institucional que enfrenta y que, irremediablemente, mina la confianza en el \u00e1rbitro electoral.<\/p>\n\n\n\n<p>VIOLENCIA CRECIENTE<\/p>\n\n\n\n<p>En Oaxaca son al menos dos casos de personas que han sido asesinadas en el actual proceso electoral y que estaban relacionadas directamente con una postulaci\u00f3n.<\/p>\n\n\n\n<p>Es el caso de Alberto Antonio Garc\u00eda, quien fue secuestrado junto con su esposa Agar Cancino, la presidenta municipal de San Jos\u00e9 Independencia, tras salir de su domicilio en el municipio de Loma Bonita.<\/p>\n\n\n\n<p>Fueron hallados dos d\u00edas despu\u00e9s, en una isla de San Miguel Soyaltepec; el var\u00f3n, candidato a suceder en el ayuntamiento a su esposa, sin vida y con huellas de tortura; la mujer, con vida pero tambi\u00e9n con huellas de violencia.<\/p>\n\n\n\n<p>Lamentablemente la pareja no tuvo el respaldo de su partido, Morena, pues el presidente del partido, Benjam\u00edn Viveros, evadi\u00f3 el tema e incluso dijo que a\u00fan no estaba confirmada la designaci\u00f3n de Alberto Antonio como candidato.<\/p>\n\n\n\n<p>En San Pedro Pochutla, el pasado 12 de febrero fue asesinada Luisa G., madre de familia y aspirante a la alcald\u00eda de ese municipio, por parte del Partido Nueva Alianza.<\/p>\n\n\n\n<p>Seg\u00fan las declaraciones de la diputada Adriana Altamirano, la asesinaron tras salir de una reuni\u00f3n pol\u00edtica y como tal consider\u00f3 el crimen, pero las autoridades estatales desestimaron que fuera en el marco del proceso electoral.<\/p>\n\n\n\n<p>Oaxaca no es una isla y lamentablemente los hechos violentos seguir\u00e1n sucediendo en el poco m\u00e1s de un mes que queda de campa\u00f1as pol\u00edticas.<\/p>\n\n\n\n<p>Ya ni se diga de la situaci\u00f3n nacional pues, de acuerdo con informaci\u00f3n de \u201cExpansi\u00f3n Pol\u00edtica\u201d, con base en datos de Causa en Com\u00fan, al 19 de abril suman 39 actores pol\u00edticos asesinados, de los cuales 27 buscaban un cargo de representaci\u00f3n popular.<\/p>\n\n\n\n<p>\u00bfQU\u00c9 HACER?<\/p>\n\n\n\n<p>De manera frecuente, el gobernador Salom\u00f3n Jara Cruz encabeza reuniones de mesa de seguridad no s\u00f3lo en el Palacio de Gobierno, sino tambi\u00e9n en la Zona Militar, Santa Mar\u00eda Ixcotel, y en el interior del estado.<\/p>\n\n\n\n<p>Participan los principales funcionarios del \u00e1rea, entre ellos la Secretar\u00eda de Gobierno, la Sedena, la Marina, la Fiscal\u00eda General, la Secretar\u00eda de Seguridad, entre otros.<\/p>\n\n\n\n<p>Pero inexplicablemente los resultados por parte de sus funcionarios no est\u00e1n a la vista: Tehuantepec, Salina Cruz, Mat\u00edas Romero, Juchit\u00e1n, Pinotepa\u2026 la misma situaci\u00f3n de grave violencia.&nbsp;<\/p>\n\n\n\n<p>Alguien o algo falla, pues todos, absolutamente todos, conocen el mapa delictivo y las cabecillas que generan la violencia, pero a la hora de ejecutar \u00f3rdenes o frenarlos, pues nada m\u00e1s no hay concreci\u00f3n.<\/p>\n\n\n\n<p>Tambi\u00e9n, desde el inicio del proceso electoral se instal\u00f3 una llamada Mesa Operativa de Seguimiento Electoral (MOSE), desde la cual se supone le dan seguimiento a los conflictos y los probables conflictos en el marco de los comicios.<\/p>\n\n\n\n<p>A mediados de abril, ten\u00edan catalogados 36 municipios de alto riesgo, 10 de riesgo medio y 23 m\u00e1s se encuentran en monitoreo. De estos, 21 se rigen por Sistemas Normativos Ind\u00edgenas, \u201csin que el actual escenario represente hasta ahora un impedimento para la instalaci\u00f3n de casillas el pr\u00f3ximo 2 de junio en el territorio estatal\u201d.<\/p>\n\n\n\n<p>De los casos de violencia pol\u00edtica en raz\u00f3n de g\u00e9nero, radican ante la Fiscal\u00eda General del Estado 15 carpetas de investigaci\u00f3n, 22 cuadernos de antecedentes y 11 expedientes.<\/p>\n\n\n\n<p>Entonces, de persistir la crisis en el IEEPCO, indudablemente que derivar\u00e1 en un conflicto postelectoral y todos tomar\u00e1n bandera para culpar a los dem\u00e1s de los resultados, sin haber hecho antes algo para remediar la problem\u00e1tica.<\/p>\n\n\n\n<p>En materia de seguridad, algo falla y las autoridades de los tres niveles de gobierno tendr\u00e1n que reforzar sus acciones para evitar un colapso en pleno proceso comicial y despu\u00e9s.<\/p>\n","protected":false},"excerpt":{"rendered":"<p>Ismael Garc\u00eda M.\/Zona Roja. Oaxaca, Oax., a 22 de abril de 2024.- La violencia y&hellip;<\/p>\n","protected":false},"author":2,"featured_media":67529,"comment_status":"closed","ping_status":"open","sticky":false,"template":"","format":"standard","meta":{"_lmt_disableupdate":"","_lmt_disable":"","_jetpack_memberships_contains_paid_content":false,"footnotes":""},"categories":[456,109,48],"tags":[1353],"class_list":["post-67502","post","type-post","status-publish","format-standard","has-post-thumbnail","hentry","category-columna","category-minuto-a-minuto","category-zona-critica","tag-opinion-zona-critica"],"jetpack_featured_media_url":"https:\/\/zonaroja.com.mx\/wp-content\/uploads\/2024\/04\/Opinion-Zona-Critica-Ismael-Garcia.jpg","jetpack_sharing_enabled":true,"_links":{"self":[{"href":"https:\/\/zonaroja.com.mx\/index.php?rest_route=\/wp\/v2\/posts\/67502","targetHints":{"allow":["GET"]}}],"collection":[{"href":"https:\/\/zonaroja.com.mx\/index.php?rest_route=\/wp\/v2\/posts"}],"about":[{"href":"https:\/\/zonaroja.com.mx\/index.php?rest_route=\/wp\/v2\/types\/post"}],"author":[{"embeddable":true,"href":"https:\/\/zonaroja.com.mx\/index.php?rest_route=\/wp\/v2\/users\/2"}],"replies":[{"embeddable":true,"href":"https:\/\/zonaroja.com.mx\/index.php?rest_route=%2Fwp%2Fv2%2Fcomments&post=67502"}],"version-history":[{"count":1,"href":"https:\/\/zonaroja.com.mx\/index.php?rest_route=\/wp\/v2\/posts\/67502\/revisions"}],"predecessor-version":[{"id":67503,"href":"https:\/\/zonaroja.com.mx\/index.php?rest_route=\/wp\/v2\/posts\/67502\/revisions\/67503"}],"wp:featuredmedia":[{"embeddable":true,"href":"https:\/\/zonaroja.com.mx\/index.php?rest_route=\/wp\/v2\/media\/67529"}],"wp:attachment":[{"href":"https:\/\/zonaroja.com.mx\/index.php?rest_route=%2Fwp%2Fv2%2Fmedia&parent=67502"}],"wp:term":[{"taxonomy":"category","embeddable":true,"href":"https:\/\/zonaroja.com.mx\/index.php?rest_route=%2Fwp%2Fv2%2Fcategories&post=67502"},{"taxonomy":"post_tag","embeddable":true,"href":"https:\/\/zonaroja.com.mx\/index.php?rest_route=%2Fwp%2Fv2%2Ftags&post=67502"}],"curies":[{"name":"wp","href":"https:\/\/api.w.org\/{rel}","templated":true}]}}