{"id":67518,"date":"2024-04-22T17:57:30","date_gmt":"2024-04-22T23:57:30","guid":{"rendered":"https:\/\/zonaroja.com.mx\/?p=67518"},"modified":"2024-04-22T17:57:32","modified_gmt":"2024-04-22T23:57:32","slug":"regresan-a-clases-en-itunyoso-y-se-reactivan-servicios-tras-conflicto","status":"publish","type":"post","link":"https:\/\/zonaroja.com.mx\/?p=67518","title":{"rendered":"Regresan a clases en Itunyoso y se reactivan servicios, tras conflicto"},"content":{"rendered":"\n<p>Raymundo Morales\/Zona Roja.<\/p>\n\n\n\n<p>Oaxaca de Ju\u00e1rez, Oax., a 22 de abril de 2024.- Luego de un conflicto interno, entre ellos por la desaparici\u00f3n de poderes decretada por la C\u00e1mara de Diputados, en San Mart\u00edn Itunyoso se reactivaron los servicios p\u00fablicos, que incluye la reanudaci\u00f3n de las clases en las escuelas p\u00fablicas.<\/p>\n\n\n\n<p>Entre las problem\u00e1ticas que vivi\u00f3 este municipio de la regi\u00f3n Mixteca se encuentra la muerte del s\u00edndico municipal y el clima de zozobra e ingobernabilidad, por lo cual la 65 Legislatura decret\u00f3 la suspensi\u00f3n de poderes.<\/p>\n\n\n\n<p>Finalmente, el pasado viernes 19 de abril fueron reabiertas las aulas de la primaria y la Telesecundaria, mientras que desde el primero de marzo los servicios de salud fueron reactivados.<\/p>\n\n\n\n<p>Asimismo el Centro de Educaci\u00f3n Superior a Distancia del Colegio de Estudios Cient\u00edficos y Tecn\u00f3logios del Estado de Oaxaca reanud\u00f3 actividades, al ofrecer el Gobierno del Estado de Oaxaca patrullajes disuasivos y preventivos en el horario laboral para que pueda retornar la calma.<\/p>\n\n\n\n<p>Por su parte, la Secci\u00f3n 22 del SNTE intent\u00f3 regresar a clases, pero ante presi\u00f3n de los padres de la familia de la localidad en que fueran a la brevedad y conforme lo estipula el calendario escolar para reponer los mas de cinco meses de ausentismo en las aulas, los retuvieron, generando un descontento por parte del gremio magisterial.<\/p>\n\n\n\n<p>Posterior a ello, la Secretar\u00eda de Gobierno, el Instituto Estatal de Educaci\u00f3n Publica del Estado de Oaxaca y la Comisi\u00f3n Municipal Provisional llevaron mesas de trabajo con los comit\u00e9s de padres de familia y representantes de la cabecera municipal para lograr acuerdos y consensos que permitieran el retorno inmediato de maestros a las aulas, al existir las condiciones de seguridad y necesidad apremiante de la reanudaci\u00f3n de las clases para los infantes.<\/p>\n","protected":false},"excerpt":{"rendered":"<p>Raymundo Morales\/Zona Roja. Oaxaca de Ju\u00e1rez, Oax., a 22 de abril de 2024.- Luego de&hellip;<\/p>\n","protected":false},"author":2,"featured_media":67519,"comment_status":"closed","ping_status":"open","sticky":false,"template":"","format":"standard","meta":{"_lmt_disableupdate":"","_lmt_disable":"","_jetpack_memberships_contains_paid_content":false,"footnotes":""},"categories":[109,46],"tags":[881],"class_list":["post-67518","post","type-post","status-publish","format-standard","has-post-thumbnail","hentry","category-minuto-a-minuto","category-zona-blanca","tag-san-martin-itunyoso"],"jetpack_featured_media_url":"https:\/\/zonaroja.com.mx\/wp-content\/uploads\/2024\/04\/Regreso-a-clases-Itunyoso.jpg","jetpack_sharing_enabled":true,"_links":{"self":[{"href":"https:\/\/zonaroja.com.mx\/index.php?rest_route=\/wp\/v2\/posts\/67518","targetHints":{"allow":["GET"]}}],"collection":[{"href":"https:\/\/zonaroja.com.mx\/index.php?rest_route=\/wp\/v2\/posts"}],"about":[{"href":"https:\/\/zonaroja.com.mx\/index.php?rest_route=\/wp\/v2\/types\/post"}],"author":[{"embeddable":true,"href":"https:\/\/zonaroja.com.mx\/index.php?rest_route=\/wp\/v2\/users\/2"}],"replies":[{"embeddable":true,"href":"https:\/\/zonaroja.com.mx\/index.php?rest_route=%2Fwp%2Fv2%2Fcomments&post=67518"}],"version-history":[{"count":1,"href":"https:\/\/zonaroja.com.mx\/index.php?rest_route=\/wp\/v2\/posts\/67518\/revisions"}],"predecessor-version":[{"id":67520,"href":"https:\/\/zonaroja.com.mx\/index.php?rest_route=\/wp\/v2\/posts\/67518\/revisions\/67520"}],"wp:featuredmedia":[{"embeddable":true,"href":"https:\/\/zonaroja.com.mx\/index.php?rest_route=\/wp\/v2\/media\/67519"}],"wp:attachment":[{"href":"https:\/\/zonaroja.com.mx\/index.php?rest_route=%2Fwp%2Fv2%2Fmedia&parent=67518"}],"wp:term":[{"taxonomy":"category","embeddable":true,"href":"https:\/\/zonaroja.com.mx\/index.php?rest_route=%2Fwp%2Fv2%2Fcategories&post=67518"},{"taxonomy":"post_tag","embeddable":true,"href":"https:\/\/zonaroja.com.mx\/index.php?rest_route=%2Fwp%2Fv2%2Ftags&post=67518"}],"curies":[{"name":"wp","href":"https:\/\/api.w.org\/{rel}","templated":true}]}}