{"id":67521,"date":"2024-04-22T18:16:51","date_gmt":"2024-04-23T00:16:51","guid":{"rendered":"https:\/\/zonaroja.com.mx\/?p=67521"},"modified":"2024-04-22T18:16:54","modified_gmt":"2024-04-23T00:16:54","slug":"matan-a-tres-personas-en-las-ultimas-horas-en-oaxaca","status":"publish","type":"post","link":"https:\/\/zonaroja.com.mx\/?p=67521","title":{"rendered":"Matan a tres personas en las \u00faltimas horas en Oaxaca"},"content":{"rendered":"\n<p>Raymundo Morales\/Zona Roja.<\/p>\n\n\n\n<p>Oaxaca de Ju\u00e1rez, Oax., a 22 de abril de 2024.- Al menos tres personas fueron asesinadas a balazos en las \u00faltimas 12 horas, en hechos distintos ocurridos en el interior del estado de Oaxaca.<\/p>\n\n\n\n<p>Uno de los m\u00e1s recientes hechos ocurri\u00f3 esta tarde en un local de lavado de autos ubicado en Zipolite, destino tur\u00edstico de San Pedro Pochutla, donde una persona fue asesinada a balazos.<\/p>\n\n\n\n<p>La v\u00edctima fue identificada de manera preliminar con el mote de \u201cLa Mu\u00f1eca Vieja\u201d y hasta el momento se desconoce qui\u00e9n o qui\u00e9nes lo ultimaron, as\u00ed como los motivos.<\/p>\n\n\n\n<p>Mientras que alrededor del mediod\u00eda de hoy, se registr\u00f3 un homicidio doloso en Ocotl\u00e1n de Morelos, municipio de la regi\u00f3n Valles Centrales de Oaxaca.<\/p>\n\n\n\n<p>Fue en un local comercial ubicado en la calle 16 de Septiembre en que mataron a balazos a Eduardo M. M., de 22 a\u00f1os de edad, sin que hasta el momento haya personas detenidas por este caso.<\/p>\n\n\n\n<p>Mientras que en un local comercial de Santa Mar\u00eda El Tule, en la zona condenada de la capital, se registraron disparos de arma de fuego, sin que haya reporte de personas lesionadas.<\/p>\n\n\n\n<p>Y anoche, en Juchit\u00e1n de Zaragoza, ocurri\u00f3 un crimen en el barrio Quinta Secci\u00f3n, en contra de una persona del sexo masculino.<\/p>\n\n\n\n<p>Fue en el callej\u00f3n Marte en que se registr\u00f3 la balacera, tras lo cual llegaron las corporaciones policiacas, as\u00ed como param\u00e9dicos, pero el cuerpo ya no se encontraba en el sitio, pues hab\u00eda sido retirado por sus familiares.<\/p>\n\n\n\n<p>La v\u00edctima fue identificada de manera preliminar como Alejandro L. V. y en el lugar se hallaron cartuchos percutidos calibre nueve mil\u00edmetros.<\/p>\n","protected":false},"excerpt":{"rendered":"<p>Raymundo Morales\/Zona Roja. Oaxaca de Ju\u00e1rez, Oax., a 22 de abril de 2024.- Al menos&hellip;<\/p>\n","protected":false},"author":2,"featured_media":66737,"comment_status":"closed","ping_status":"open","sticky":false,"template":"","format":"standard","meta":{"_lmt_disableupdate":"","_lmt_disable":"","_jetpack_memberships_contains_paid_content":false,"footnotes":""},"categories":[109,51],"tags":[2754,123],"class_list":["post-67521","post","type-post","status-publish","format-standard","has-post-thumbnail","hentry","category-minuto-a-minuto","category-zona-roja","tag-asesinado-san-pedro-pochutla","tag-juchitan-de-zaragoza"],"jetpack_featured_media_url":"https:\/\/zonaroja.com.mx\/wp-content\/uploads\/2024\/03\/escena-violencia-asesinato.jpeg","jetpack_sharing_enabled":true,"_links":{"self":[{"href":"https:\/\/zonaroja.com.mx\/index.php?rest_route=\/wp\/v2\/posts\/67521","targetHints":{"allow":["GET"]}}],"collection":[{"href":"https:\/\/zonaroja.com.mx\/index.php?rest_route=\/wp\/v2\/posts"}],"about":[{"href":"https:\/\/zonaroja.com.mx\/index.php?rest_route=\/wp\/v2\/types\/post"}],"author":[{"embeddable":true,"href":"https:\/\/zonaroja.com.mx\/index.php?rest_route=\/wp\/v2\/users\/2"}],"replies":[{"embeddable":true,"href":"https:\/\/zonaroja.com.mx\/index.php?rest_route=%2Fwp%2Fv2%2Fcomments&post=67521"}],"version-history":[{"count":1,"href":"https:\/\/zonaroja.com.mx\/index.php?rest_route=\/wp\/v2\/posts\/67521\/revisions"}],"predecessor-version":[{"id":67522,"href":"https:\/\/zonaroja.com.mx\/index.php?rest_route=\/wp\/v2\/posts\/67521\/revisions\/67522"}],"wp:featuredmedia":[{"embeddable":true,"href":"https:\/\/zonaroja.com.mx\/index.php?rest_route=\/wp\/v2\/media\/66737"}],"wp:attachment":[{"href":"https:\/\/zonaroja.com.mx\/index.php?rest_route=%2Fwp%2Fv2%2Fmedia&parent=67521"}],"wp:term":[{"taxonomy":"category","embeddable":true,"href":"https:\/\/zonaroja.com.mx\/index.php?rest_route=%2Fwp%2Fv2%2Fcategories&post=67521"},{"taxonomy":"post_tag","embeddable":true,"href":"https:\/\/zonaroja.com.mx\/index.php?rest_route=%2Fwp%2Fv2%2Ftags&post=67521"}],"curies":[{"name":"wp","href":"https:\/\/api.w.org\/{rel}","templated":true}]}}