{"id":67523,"date":"2024-04-22T18:40:00","date_gmt":"2024-04-23T00:40:00","guid":{"rendered":"https:\/\/zonaroja.com.mx\/?p=67523"},"modified":"2024-04-22T18:35:27","modified_gmt":"2024-04-23T00:35:27","slug":"aspiran-12-personas-a-dirigir-la-contraloria-interna-del-ieepco","status":"publish","type":"post","link":"https:\/\/zonaroja.com.mx\/?p=67523","title":{"rendered":"Aspiran 12 personas a dirigir la Contralor\u00eda Interna del IEEPCO"},"content":{"rendered":"\n<p>Redacci\u00f3n\/Zona Roja.<\/p>\n\n\n\n<p>Oaxaca de Ju\u00e1rez, Oax., a 22 de abril de 2024.- La Comisi\u00f3n Permanente de Democracia y Participaci\u00f3n Ciudadana de la 65 Legislatura local, dio a conocer la lista de las 12 personas aspirantes que cumplieron con los requisitos para continuar con el proceso de elecci\u00f3n de la o el titular de la Contralor\u00eda General del Instituto Estatal Electoral y de Participaci\u00f3n Ciudadana de Oaxaca (IEEPCO).<\/p>\n\n\n\n<p>Se trata de los ciudadanos Nicanor D\u00edaz Escamilla, F\u00e1tima Estela Casas Reyes, V\u00edctor Santiago Toledo, Sa\u00fal D\u00edaz Garc\u00eda, Rosa Elia V\u00e1squez Flores, Sa\u00fal Gonz\u00e1lez Z\u00e1rate.<\/p>\n\n\n\n<p>As\u00ed como Selene Garc\u00eda Bola\u00f1os, Iv\u00e1n Garc\u00eda L\u00f3pez, Miriam Fabiola L\u00f3pez de Jes\u00fas, Lemny Sugey Garc\u00eda Reyes, Yuri Pe\u00f1afort Le\u00f3n y Juan P\u00e9rez P\u00e9rez.&nbsp;<\/p>\n\n\n\n<p>De acuerdo con la base quinta de la convocatoria, ahora corresponder\u00e1 el proceso de entrevistas a las y los aspirantes, mismas que est\u00e1n programadas a realizarse este 22 y 23 de abril, en la modalidad virtual.<\/p>\n\n\n\n<p>Posteriormente, corresponder\u00e1 a la Comisi\u00f3n Permanente de Democracia y Participaci\u00f3n Ciudadana de la LXV Legislatura local, evaluar y emitir al Pleno el dictamen que contenga la terna con los nombres de las tres personas finalistas, para que mediante votaci\u00f3n las diputadas y los diputados elijan a quien ocupar\u00e1 el cargo de titular de la Contralor\u00eda General del IEEPCO.<\/p>\n","protected":false},"excerpt":{"rendered":"<p>Redacci\u00f3n\/Zona Roja. Oaxaca de Ju\u00e1rez, Oax., a 22 de abril de 2024.- La Comisi\u00f3n Permanente&hellip;<\/p>\n","protected":false},"author":2,"featured_media":64833,"comment_status":"closed","ping_status":"open","sticky":false,"template":"","format":"standard","meta":{"_lmt_disableupdate":"","_lmt_disable":"","_jetpack_memberships_contains_paid_content":false,"footnotes":""},"categories":[109,46],"tags":[2743],"class_list":["post-67523","post","type-post","status-publish","format-standard","has-post-thumbnail","hentry","category-minuto-a-minuto","category-zona-blanca","tag-65-legislatura-del-estado-de-oaxaca"],"jetpack_featured_media_url":"https:\/\/zonaroja.com.mx\/wp-content\/uploads\/2024\/02\/Congreso-Oaxaca-diputados.jpg","jetpack_sharing_enabled":true,"_links":{"self":[{"href":"https:\/\/zonaroja.com.mx\/index.php?rest_route=\/wp\/v2\/posts\/67523","targetHints":{"allow":["GET"]}}],"collection":[{"href":"https:\/\/zonaroja.com.mx\/index.php?rest_route=\/wp\/v2\/posts"}],"about":[{"href":"https:\/\/zonaroja.com.mx\/index.php?rest_route=\/wp\/v2\/types\/post"}],"author":[{"embeddable":true,"href":"https:\/\/zonaroja.com.mx\/index.php?rest_route=\/wp\/v2\/users\/2"}],"replies":[{"embeddable":true,"href":"https:\/\/zonaroja.com.mx\/index.php?rest_route=%2Fwp%2Fv2%2Fcomments&post=67523"}],"version-history":[{"count":1,"href":"https:\/\/zonaroja.com.mx\/index.php?rest_route=\/wp\/v2\/posts\/67523\/revisions"}],"predecessor-version":[{"id":67524,"href":"https:\/\/zonaroja.com.mx\/index.php?rest_route=\/wp\/v2\/posts\/67523\/revisions\/67524"}],"wp:featuredmedia":[{"embeddable":true,"href":"https:\/\/zonaroja.com.mx\/index.php?rest_route=\/wp\/v2\/media\/64833"}],"wp:attachment":[{"href":"https:\/\/zonaroja.com.mx\/index.php?rest_route=%2Fwp%2Fv2%2Fmedia&parent=67523"}],"wp:term":[{"taxonomy":"category","embeddable":true,"href":"https:\/\/zonaroja.com.mx\/index.php?rest_route=%2Fwp%2Fv2%2Fcategories&post=67523"},{"taxonomy":"post_tag","embeddable":true,"href":"https:\/\/zonaroja.com.mx\/index.php?rest_route=%2Fwp%2Fv2%2Ftags&post=67523"}],"curies":[{"name":"wp","href":"https:\/\/api.w.org\/{rel}","templated":true}]}}