{"id":67534,"date":"2024-04-22T21:10:04","date_gmt":"2024-04-23T03:10:04","guid":{"rendered":"https:\/\/zonaroja.com.mx\/?p=67534"},"modified":"2024-04-22T21:10:05","modified_gmt":"2024-04-23T03:10:05","slug":"crecieron-delitos-y-homicidios-en-marzo-en-oaxaca","status":"publish","type":"post","link":"https:\/\/zonaroja.com.mx\/?p=67534","title":{"rendered":"Crecieron delitos y homicidios en marzo en Oaxaca"},"content":{"rendered":"\n<p>Raymundo Morales\/Zona Roja.<\/p>\n\n\n\n<p>Oaxaca de Ju\u00e1rez, Oax., a 22 de abril de 2024.- De acuerdo con el Secretariado Ejecutivo del Sistema Nacional de Seguridad P\u00fablica (SESNSP), durante el mes de marzo aumentaron los delitos y los homicidios en el estado de Oaxaca.<\/p>\n\n\n\n<p>En su m\u00e1s reciente informe, el organismo del gobierno federal detall\u00f3 que el mes pasado ocurrieron en la entidad en total tres mil 246 delitos, mientras que en febrero fueron dos mil 998 y en enero se registraron tres mil 243.<\/p>\n\n\n\n<p>Asimismo, de esa cifra, en marzo se tienen contabilizados 65 homicidios dolosos, en febrero se registraron 59 y en enero 69; en los tres meses, suman 193 cr\u00edmenes, de los cuales 157 se cometieron con arma de fuego, 18 con arma blanca y 18 con otro elemento.<\/p>\n\n\n\n<p>Con respecto a los feminicidios, el Secretariado Ejecutivo, basado en datos que proporciona la Fiscal\u00eda General del Estado de Oaxaca, tiene contabilizado uno cada mes, de enero a marzo; ninguno fue cometido con arma de fuego, dos con arma blanca y uno con otro objeto.<\/p>\n\n\n\n<p>Tambi\u00e9n, durante marzo registr\u00f3 de 412 lesiones, de las cuales 319 fueron del tipo doloso; en febrero hubo un global de 362 y en enero 397.<\/p>\n\n\n\n<p>Por su parte, en un comunicado de este lunes, el Gobierno del Estado inform\u00f3 sobre la seguridad, principalmente en la ciudad de Oaxaca y municipios conurbados, que respecto a marzo del a\u00f1o anterior se redujo un 19.45 por ciento la comisi\u00f3n de delitos en la entidad.<\/p>\n\n\n\n<p>En tanto, en Oaxaca de Ju\u00e1rez la percepci\u00f3n de inseguridad ha bajado del 72.9 a 57.8 por ciento en un a\u00f1o, de acuerdo con cifras oficiales del Instituto Nacional de Estad\u00edstica y Geograf\u00eda (Inegi), donde se constata que tambi\u00e9n creci\u00f3 la percepci\u00f3n de seguridad de 29.9 a 41.4 por ciento.<\/p>\n","protected":false},"excerpt":{"rendered":"<p>Raymundo Morales\/Zona Roja. Oaxaca de Ju\u00e1rez, Oax., a 22 de abril de 2024.- De acuerdo&hellip;<\/p>\n","protected":false},"author":2,"featured_media":67535,"comment_status":"closed","ping_status":"open","sticky":false,"template":"","format":"standard","meta":{"_lmt_disableupdate":"","_lmt_disable":"","_jetpack_memberships_contains_paid_content":false,"footnotes":""},"categories":[109,47],"tags":[174],"class_list":["post-67534","post","type-post","status-publish","format-standard","has-post-thumbnail","hentry","category-minuto-a-minuto","category-zona-gris","tag-secretariado-ejecutivo-del-sistema-nacional-de-seguridad-publica"],"jetpack_featured_media_url":"https:\/\/zonaroja.com.mx\/wp-content\/uploads\/2024\/04\/Delitos-inseguridad-violencia.jpeg","jetpack_sharing_enabled":true,"_links":{"self":[{"href":"https:\/\/zonaroja.com.mx\/index.php?rest_route=\/wp\/v2\/posts\/67534","targetHints":{"allow":["GET"]}}],"collection":[{"href":"https:\/\/zonaroja.com.mx\/index.php?rest_route=\/wp\/v2\/posts"}],"about":[{"href":"https:\/\/zonaroja.com.mx\/index.php?rest_route=\/wp\/v2\/types\/post"}],"author":[{"embeddable":true,"href":"https:\/\/zonaroja.com.mx\/index.php?rest_route=\/wp\/v2\/users\/2"}],"replies":[{"embeddable":true,"href":"https:\/\/zonaroja.com.mx\/index.php?rest_route=%2Fwp%2Fv2%2Fcomments&post=67534"}],"version-history":[{"count":1,"href":"https:\/\/zonaroja.com.mx\/index.php?rest_route=\/wp\/v2\/posts\/67534\/revisions"}],"predecessor-version":[{"id":67536,"href":"https:\/\/zonaroja.com.mx\/index.php?rest_route=\/wp\/v2\/posts\/67534\/revisions\/67536"}],"wp:featuredmedia":[{"embeddable":true,"href":"https:\/\/zonaroja.com.mx\/index.php?rest_route=\/wp\/v2\/media\/67535"}],"wp:attachment":[{"href":"https:\/\/zonaroja.com.mx\/index.php?rest_route=%2Fwp%2Fv2%2Fmedia&parent=67534"}],"wp:term":[{"taxonomy":"category","embeddable":true,"href":"https:\/\/zonaroja.com.mx\/index.php?rest_route=%2Fwp%2Fv2%2Fcategories&post=67534"},{"taxonomy":"post_tag","embeddable":true,"href":"https:\/\/zonaroja.com.mx\/index.php?rest_route=%2Fwp%2Fv2%2Ftags&post=67534"}],"curies":[{"name":"wp","href":"https:\/\/api.w.org\/{rel}","templated":true}]}}