{"id":67537,"date":"2024-04-22T22:20:54","date_gmt":"2024-04-23T04:20:54","guid":{"rendered":"https:\/\/zonaroja.com.mx\/?p=67537"},"modified":"2024-04-22T22:20:56","modified_gmt":"2024-04-23T04:20:56","slug":"el-dolor-de-madre-y-la-falta-de-medicamentos-necesitamos-que-las-autoridades-nos-escuchen","status":"publish","type":"post","link":"https:\/\/zonaroja.com.mx\/?p=67537","title":{"rendered":"El dolor de madre y la falta de medicamentos: \u201cnecesitamos que las autoridades nos escuchen\u201d"},"content":{"rendered":"\n<p>Ismael Garc\u00eda M.\/Zona Roja.<\/p>\n\n\n\n<p>Oaxaca de Ju\u00e1rez, Oax., a 22 de abril de 2024.- Fueron una veintena de padres y madres de familia con hijos con c\u00e1ncer y otras enfermedades. Su protesta fue pac\u00edfica, pero sentida: No hay medicamentos en el Hospital de la Ni\u00f1ez Oaxaque\u00f1a.<\/p>\n\n\n\n<p>\u201cNecesitamos que las autoridades nos escuchen, que volteen a mirar a nuestros hijos; en el caso de mi ni\u00f1a la enfermedad le complica su vida\u201d.<\/p>\n\n\n\n<p>Eso narra do\u00f1a Guadalupe, originaria de Santiago Suchilquitongo, Etla, madre de Soledad, una peque\u00f1a que tiene Talasemia, un exceso de hierro en su organismo que a su vez le genera otras complicaciones.<\/p>\n\n\n\n<p>Desde el z\u00f3calo de la ciudad de Oaxaca, narra su calvario:<\/p>\n\n\n\n<p>\u201cSe habla de la megafarmacia del gobierno federal, pero pues no lo hay, ya he llamado muchas veces; me atienden, muy amablemente, pero me dicen que no hay, que me espere, que se comunica, que no pierda la esperanza, que va a haber\u2026 pero no hay\u201d.<\/p>\n\n\n\n<p>Eso platica de los requerimientos de su hija, que tiene que tomar al mes dos cajas de un medicamento que cuesta m\u00e1s de 20 mil pesos y no lo hay en el Hospital de la Ni\u00f1ez, dependiente de los Servicios de Salud de Oaxaca.<\/p>\n\n\n\n<p>\u201cMi ni\u00f1a depende de eso, porque al no tomarlo se le genera un exceso de hierro en su organismo y eso deriv\u00f3 en otras complicaciones; ha tomado el medicamento gracias a las asociaciones que nos han apoyado\u201d, platica.<\/p>\n\n\n\n<p>M\u00daTIPLES QUEJAS<\/p>\n\n\n\n<p>Como ella, decenas de madres de familia padecen la falta de medicamentos, principalmente oncol\u00f3gicos. Por eso hoy protestaron de manera pac\u00edfica en el Palacio de Gobierno, respaldados por asociaciones civiles.<\/p>\n\n\n\n<p>Una comisi\u00f3n fue atendida por los Servicios de Salud, mientras que las madres y padres se trasladaron a la sede de de la dependencia gubernamental, en J. P. Garc\u00eda, centro de la capital, donde bloquearon por unos momentos.<\/p>\n\n\n\n<p>Al t\u00e9rmino, el compromiso institucional fue que a m\u00e1s tardar el 16 de mayo el gobierno federal enviar\u00eda los medicamentos que hacen falta.<\/p>\n\n\n\n<p>\u201cEstamos aqu\u00ed para que nos escuchen, nos vean; no es por pedir dem\u00e1s. Estamos aqu\u00ed luchando, d\u00e1ndole la fortaleza a ellos. Es para pedir medicamentos y todo lo que hace falta en un hospital\u201d.<\/p>\n\n\n\n<p>Eso platica la se\u00f1ora Victoria, madre de la paciente Jocelyn, ambas originarias de Santiago Amoltepec.<\/p>\n\n\n\n<p>\u201cLa quimioterapia no hay, tenemos que conseguirla con asociaciones, porque la farmacia del Hospital de la Ni\u00f1ez no la tiene. El caso de mi nena es c\u00e1ncer cerebral y tengo que pagar para que me la operen, porque no cubre esa operaci\u00f3n\u201d, narra la se\u00f1ora Guadalupe, de San Miguel Suchixtepec, madre de Esmeralda Noem\u00ed, de ocho a\u00f1os.<\/p>\n\n\n\n<p>Cuestionado sobre el caso durante su conferencia matutina, el gobernador Salom\u00f3n Jara Cruz afirm\u00f3 que se apoyar\u00e1 a pacientes y familiares para que a la brevedad tengan lo necesario.<\/p>\n\n\n\n<p>\u201cS\u00ed nos preocupa y nos ocupa este tema. Y va a ser todo el apoyo de nuestro gobierno, no vamos a abandonar en absoluto a nuestras ni\u00f1as, ni\u00f1os que hoy est\u00e1n con esta atenci\u00f3n. Nuestro compromiso no abandonarlos. Si alg\u00fan sector no los quiere apoyar, el Gobierno del Estado los va a apoyar con todo\u201d, dijo.<\/p>\n\n\n\n<figure class=\"wp-block-embed is-type-rich is-provider-twitter wp-block-embed-twitter\"><div class=\"wp-block-embed__wrapper\">\n<div class=\"twitter-tweet\"><blockquote class=\"twitter-tweet\" data-lang=\"es\"><p lang=\"es\" dir=\"ltr\">Escuche algunas de las desgarradoras historias de padres y madres de familia con hijos en el Hospital de la Ni\u00f1ez Oaxaque\u00f1a, con padecimientos complicados y sin la atenci\u00f3n efectiva. <br>Hoy tras la reuni\u00f3n con los <a href=\"https:\/\/twitter.com\/SSO_GobOax?ref_src=twsrc%5Etfw\">@SSO_GobOax<\/a>, estos se comprometieron a que m\u00e1s tardar el 16 de mayo\u2026 <a href=\"https:\/\/t.co\/VuqGITWpMl\">pic.twitter.com\/VuqGITWpMl<\/a><\/p>&mdash; Zona Roja Oaxaca (@ZonaRoja_Oaxaca) <a href=\"https:\/\/twitter.com\/ZonaRoja_Oaxaca\/status\/1782549659589791954?ref_src=twsrc%5Etfw\">22 de abril de 2024<\/a><\/blockquote><\/div>\n<\/div><\/figure>\n","protected":false},"excerpt":{"rendered":"<p>Ismael Garc\u00eda M.\/Zona Roja. Oaxaca de Ju\u00e1rez, Oax., a 22 de abril de 2024.- Fueron&hellip;<\/p>\n","protected":false},"author":2,"featured_media":67538,"comment_status":"closed","ping_status":"open","sticky":false,"template":"","format":"standard","meta":{"_lmt_disableupdate":"","_lmt_disable":"","_jetpack_memberships_contains_paid_content":false,"footnotes":""},"categories":[109,47],"tags":[318],"class_list":["post-67537","post","type-post","status-publish","format-standard","has-post-thumbnail","hentry","category-minuto-a-minuto","category-zona-gris","tag-hospital-de-la-ninez-oaxaquena"],"jetpack_featured_media_url":"https:\/\/zonaroja.com.mx\/wp-content\/uploads\/2024\/04\/Protesta-padres-pacientes-cancer-oncologicos-Oaxaca-Hospital-de-la-Ninez.jpg","jetpack_sharing_enabled":true,"_links":{"self":[{"href":"https:\/\/zonaroja.com.mx\/index.php?rest_route=\/wp\/v2\/posts\/67537","targetHints":{"allow":["GET"]}}],"collection":[{"href":"https:\/\/zonaroja.com.mx\/index.php?rest_route=\/wp\/v2\/posts"}],"about":[{"href":"https:\/\/zonaroja.com.mx\/index.php?rest_route=\/wp\/v2\/types\/post"}],"author":[{"embeddable":true,"href":"https:\/\/zonaroja.com.mx\/index.php?rest_route=\/wp\/v2\/users\/2"}],"replies":[{"embeddable":true,"href":"https:\/\/zonaroja.com.mx\/index.php?rest_route=%2Fwp%2Fv2%2Fcomments&post=67537"}],"version-history":[{"count":1,"href":"https:\/\/zonaroja.com.mx\/index.php?rest_route=\/wp\/v2\/posts\/67537\/revisions"}],"predecessor-version":[{"id":67539,"href":"https:\/\/zonaroja.com.mx\/index.php?rest_route=\/wp\/v2\/posts\/67537\/revisions\/67539"}],"wp:featuredmedia":[{"embeddable":true,"href":"https:\/\/zonaroja.com.mx\/index.php?rest_route=\/wp\/v2\/media\/67538"}],"wp:attachment":[{"href":"https:\/\/zonaroja.com.mx\/index.php?rest_route=%2Fwp%2Fv2%2Fmedia&parent=67537"}],"wp:term":[{"taxonomy":"category","embeddable":true,"href":"https:\/\/zonaroja.com.mx\/index.php?rest_route=%2Fwp%2Fv2%2Fcategories&post=67537"},{"taxonomy":"post_tag","embeddable":true,"href":"https:\/\/zonaroja.com.mx\/index.php?rest_route=%2Fwp%2Fv2%2Ftags&post=67537"}],"curies":[{"name":"wp","href":"https:\/\/api.w.org\/{rel}","templated":true}]}}