{"id":67540,"date":"2024-04-23T06:51:17","date_gmt":"2024-04-23T12:51:17","guid":{"rendered":"https:\/\/zonaroja.com.mx\/?p=67540"},"modified":"2024-04-23T06:51:19","modified_gmt":"2024-04-23T12:51:19","slug":"aprueban-diputados-crear-fondo-de-pensiones-con-afores-inactivas","status":"publish","type":"post","link":"https:\/\/zonaroja.com.mx\/?p=67540","title":{"rendered":"Aprueban diputados crear fondo de pensiones con Afores inactivas\u00a0"},"content":{"rendered":"\n<p>Redacci\u00f3n\/Zona Roja Cdmx.<\/p>\n\n\n\n<p>Ciudad de M\u00e9xico, a 23 de abril de 2024.- La C\u00e1mara de Diputados aprob\u00f3 en lo general el dictamen que reforma, adiciona y deroga diversas disposiciones de ordenamientos legales para la creaci\u00f3n del Fondo de Pensiones para el Bienestar.<\/p>\n\n\n\n<p>La minuta se aprob\u00f3 con 252 votos a favor, 212 en contra y 4 abstenciones.<\/p>\n\n\n\n<p>La pol\u00e9mica iniciativa que se discute en San L\u00e1zaro pretende crear el Fondo de Pensiones del Bienestar, una bolsa de 40 mil millones de pesos que busca que el Estado garantice el pago de jubilaciones con 100 por ciento del \u00faltimo sueldo.<\/p>\n\n\n\n<p>La oposici\u00f3n ha denunciado que la propuesta es un \u201csaqueo\u201d porque los recursos del fondo provendr\u00e1n de personas inactivas de m\u00e1s 70 a\u00f1os que han trabajado en la econom\u00eda formal en el sector privado del pa\u00eds, y de 75 a\u00f1os si han trabajado en el Gobierno, que no han reclamado su dinero de las Afores.<\/p>\n\n\n\n<p>La reforma legal, que solo necesita una mayor\u00eda simple en el Congreso, busca que el gobierno del presidente&nbsp;Andr\u00e9s Manuel L\u00f3pez Obrador&nbsp;cree este fondo antes de conseguir la reforma constitucional, que propuso el 5 de febrero y requiere dos tercios de los legisladores, para establecer como derecho una pensi\u00f3n del 100 por ciento al jubilarse.<\/p>\n\n\n\n<p>El presidente L\u00f3pez Obrador ha negado que vaya a \u201cexpropiar\u201d las&nbsp;Afores, el sistema privado de pensiones que se cre\u00f3 en 1997 inspirado en el modelo chileno, al sostener que busca que las empresas que las administran no usen los recursos no reclamados para invertir en otros negocios.<\/p>\n\n\n\n<p>(Con informaci\u00f3n de L\u00f3pez-D\u00f3riga Digital)<\/p>\n","protected":false},"excerpt":{"rendered":"<p>Redacci\u00f3n\/Zona Roja Cdmx. Ciudad de M\u00e9xico, a 23 de abril de 2024.- La C\u00e1mara de&hellip;<\/p>\n","protected":false},"author":2,"featured_media":67541,"comment_status":"closed","ping_status":"open","sticky":false,"template":"","format":"standard","meta":{"_lmt_disableupdate":"","_lmt_disable":"","_jetpack_memberships_contains_paid_content":false,"footnotes":""},"categories":[109,47],"tags":[1042],"class_list":["post-67540","post","type-post","status-publish","format-standard","has-post-thumbnail","hentry","category-minuto-a-minuto","category-zona-gris","tag-camara-de-diputados-federal"],"jetpack_featured_media_url":"https:\/\/zonaroja.com.mx\/wp-content\/uploads\/2024\/04\/Aprueban-Afores-fondo-pensiones.jpeg","jetpack_sharing_enabled":true,"_links":{"self":[{"href":"https:\/\/zonaroja.com.mx\/index.php?rest_route=\/wp\/v2\/posts\/67540","targetHints":{"allow":["GET"]}}],"collection":[{"href":"https:\/\/zonaroja.com.mx\/index.php?rest_route=\/wp\/v2\/posts"}],"about":[{"href":"https:\/\/zonaroja.com.mx\/index.php?rest_route=\/wp\/v2\/types\/post"}],"author":[{"embeddable":true,"href":"https:\/\/zonaroja.com.mx\/index.php?rest_route=\/wp\/v2\/users\/2"}],"replies":[{"embeddable":true,"href":"https:\/\/zonaroja.com.mx\/index.php?rest_route=%2Fwp%2Fv2%2Fcomments&post=67540"}],"version-history":[{"count":1,"href":"https:\/\/zonaroja.com.mx\/index.php?rest_route=\/wp\/v2\/posts\/67540\/revisions"}],"predecessor-version":[{"id":67542,"href":"https:\/\/zonaroja.com.mx\/index.php?rest_route=\/wp\/v2\/posts\/67540\/revisions\/67542"}],"wp:featuredmedia":[{"embeddable":true,"href":"https:\/\/zonaroja.com.mx\/index.php?rest_route=\/wp\/v2\/media\/67541"}],"wp:attachment":[{"href":"https:\/\/zonaroja.com.mx\/index.php?rest_route=%2Fwp%2Fv2%2Fmedia&parent=67540"}],"wp:term":[{"taxonomy":"category","embeddable":true,"href":"https:\/\/zonaroja.com.mx\/index.php?rest_route=%2Fwp%2Fv2%2Fcategories&post=67540"},{"taxonomy":"post_tag","embeddable":true,"href":"https:\/\/zonaroja.com.mx\/index.php?rest_route=%2Fwp%2Fv2%2Ftags&post=67540"}],"curies":[{"name":"wp","href":"https:\/\/api.w.org\/{rel}","templated":true}]}}