{"id":67543,"date":"2024-04-23T08:25:00","date_gmt":"2024-04-23T14:25:00","guid":{"rendered":"https:\/\/zonaroja.com.mx\/?p=67543"},"modified":"2024-04-23T07:03:04","modified_gmt":"2024-04-23T13:03:04","slug":"asesinan-a-una-tercera-persona-en-oaxaca-ahora-en-zaachila","status":"publish","type":"post","link":"https:\/\/zonaroja.com.mx\/?p=67543","title":{"rendered":"Asesinan a una tercera persona en Oaxaca, ahora en Zaachila"},"content":{"rendered":"\n<p>Raymundo Morales\/Zona Roja.<\/p>\n\n\n\n<p>Oaxaca de Ju\u00e1rez, Oax., a 23 de abril de 2024.- Una tercera persona fue asesinada este lunes en el estado de Oaxaca, en hechos distintos.<\/p>\n\n\n\n<p>Ocurri\u00f3 anoche en la calle Mariano Escobedo del barrio San Pedro de la Villa de Zaachila, en que sujetos armados acribillaron a una persona que se trasladaba a bordo de su motocicleta.<\/p>\n\n\n\n<p>La v\u00edctima muri\u00f3 en el mismo sitio y fue identificada como Jaime C. G., de aproximadamente 33 a\u00f1os de edad, de oficio carpintero.<\/p>\n\n\n\n<p>Elementos de la polic\u00eda municipal, al mando del edil morenista Rigoberto Chac\u00f3n P\u00e9rez, no se hallaban en la zona, por lo cual no hubo detenidos por este caso.<\/p>\n\n\n\n<p>Personal de la Fiscal\u00eda General del Estado de Oaxaca arrib\u00f3 al sitio para iniciar las indagatorias y la correspondiente carpeta de investigaci\u00f3n por el delito de homicidio, en contra de quien o qui\u00e9nes resulten responsables.<\/p>\n\n\n\n<p>Los otros dos cr\u00edmenes de ayer lunes ocurrieron en Zipolite, San Pedro Pochutla, y Ocotl\u00e1n de Morelos; en los tres casos no hay personas detenidas.<\/p>\n","protected":false},"excerpt":{"rendered":"<p>Raymundo Morales\/Zona Roja. Oaxaca de Ju\u00e1rez, Oax., a 23 de abril de 2024.- Una tercera&hellip;<\/p>\n","protected":false},"author":2,"featured_media":67544,"comment_status":"closed","ping_status":"open","sticky":false,"template":"","format":"standard","meta":{"_lmt_disableupdate":"","_lmt_disable":"","_jetpack_memberships_contains_paid_content":false,"footnotes":""},"categories":[109,51],"tags":[155],"class_list":["post-67543","post","type-post","status-publish","format-standard","has-post-thumbnail","hentry","category-minuto-a-minuto","category-zona-roja","tag-villa-de-zaachila"],"jetpack_featured_media_url":"https:\/\/zonaroja.com.mx\/wp-content\/uploads\/2024\/04\/Asesinado-Villa-de-Zaachila.jpg","jetpack_sharing_enabled":true,"_links":{"self":[{"href":"https:\/\/zonaroja.com.mx\/index.php?rest_route=\/wp\/v2\/posts\/67543","targetHints":{"allow":["GET"]}}],"collection":[{"href":"https:\/\/zonaroja.com.mx\/index.php?rest_route=\/wp\/v2\/posts"}],"about":[{"href":"https:\/\/zonaroja.com.mx\/index.php?rest_route=\/wp\/v2\/types\/post"}],"author":[{"embeddable":true,"href":"https:\/\/zonaroja.com.mx\/index.php?rest_route=\/wp\/v2\/users\/2"}],"replies":[{"embeddable":true,"href":"https:\/\/zonaroja.com.mx\/index.php?rest_route=%2Fwp%2Fv2%2Fcomments&post=67543"}],"version-history":[{"count":1,"href":"https:\/\/zonaroja.com.mx\/index.php?rest_route=\/wp\/v2\/posts\/67543\/revisions"}],"predecessor-version":[{"id":67545,"href":"https:\/\/zonaroja.com.mx\/index.php?rest_route=\/wp\/v2\/posts\/67543\/revisions\/67545"}],"wp:featuredmedia":[{"embeddable":true,"href":"https:\/\/zonaroja.com.mx\/index.php?rest_route=\/wp\/v2\/media\/67544"}],"wp:attachment":[{"href":"https:\/\/zonaroja.com.mx\/index.php?rest_route=%2Fwp%2Fv2%2Fmedia&parent=67543"}],"wp:term":[{"taxonomy":"category","embeddable":true,"href":"https:\/\/zonaroja.com.mx\/index.php?rest_route=%2Fwp%2Fv2%2Fcategories&post=67543"},{"taxonomy":"post_tag","embeddable":true,"href":"https:\/\/zonaroja.com.mx\/index.php?rest_route=%2Fwp%2Fv2%2Ftags&post=67543"}],"curies":[{"name":"wp","href":"https:\/\/api.w.org\/{rel}","templated":true}]}}