{"id":67546,"date":"2024-04-23T09:30:00","date_gmt":"2024-04-23T15:30:00","guid":{"rendered":"https:\/\/zonaroja.com.mx\/?p=67546"},"modified":"2024-04-23T08:06:18","modified_gmt":"2024-04-23T14:06:18","slug":"recriminan-grupos-vulnerables-falsos-discapacitados-e-indigenas-en-diputaciones","status":"publish","type":"post","link":"https:\/\/zonaroja.com.mx\/?p=67546","title":{"rendered":"Recriminan grupos vulnerables falsos discapacitados e ind\u00edgenas en diputaciones"},"content":{"rendered":"\n<p>Ismael Garc\u00eda M.\/Zona Roja.<\/p>\n\n\n\n<p>Oaxaca de Ju\u00e1rez, Oax., a 23 de abril de 2024.- \u201cLa verdad, me indigna que la ambici\u00f3n de poder est\u00e9 por encima de los valores morales y lo peor se intente violentar la ley. Si sabes que no eres una persona con discapacidad, que nunca has ayudado ni representado la causa, por qu\u00e9 intentar hacer fraude\u201d.<\/p>\n\n\n\n<p>Son palabras de \u00c9dgar Cruz Luj\u00e1n, deportista con discapacidad visual y quien ha luchado por la defensa de sus compa\u00f1eros, ante las propuestas de diversos candidatos de partidos pol\u00edticos, que violan las normas electorales al postular falsas acciones afirmativas.<\/p>\n\n\n\n<p>Ayer, integrantes de grupos vulnerables instalaron un \u201ctendedero\u201d frente al templo de Santo Domingo de Guzm\u00e1n, para exhibir a falsos ind\u00edgenas, afromexicanos o discapacitados que buscan un cargo de representaci\u00f3n popular.<\/p>\n\n\n\n<p>Entre \u00e9stos se encuentran Gabriela P\u00e9rez, hija de Eviel P\u00e9rez Maga\u00f1a, quien se asume ind\u00edgena sin serlo; Amando Demetrio Boh\u00f3rquez Reyes, quien se inscribi\u00f3 por discapacidad; Juan Mendoza Reyes y Perfecto Rubio como afromexicanos.<\/p>\n\n\n\n<p>Carmelita Ric\u00e1rdez como ind\u00edgena; Obdulia Garc\u00eda L\u00f3pez como proveniente de una comunidad afro; Fidel Mois\u00e9s Mart\u00ednez Salazar como discapacitado y quien es hermano de Salom\u00e9 Mart\u00ednez Salazar, dirigente de Fuerza por M\u00e9xico en Oaxaca.<\/p>\n\n\n\n<p>\u201cHay personas y hay partidos pol\u00edticos que est\u00e1n pretendiendo usurpar, simular y violentar las reglas electorales, con personas que no tienen discapacidad, que no viven la discapacidad, que nunca la han tenido, est\u00e1n pretendiendo postularlos como candidatos por el lineamiento de discapacidad\u201d, denunci\u00f3 Cruz Luj\u00e1n.<\/p>\n\n\n\n<p>Durante la protesta pac\u00edfica de ayer por la tarde, rechazaron a los partidos y los pol\u00edticos que se asumieron como parte de los grupos vulnerables sin serlos, violando con ello las normas del Instituto Estatal Electoral y de Participaci\u00f3n Ciudadana de Oaxaca.<\/p>\n\n\n\n<p>\u201cNosotros los conocemos, sabemos qui\u00e9nes son, sabemos de donde vienen, se nos hace pol\u00edticamente inmoral, algo violento y que no debe suceder, porque si sabes que no eres una persona con discapacidad, que no eres ind\u00edgena, afromexicana, c\u00f3mo pretendes enga\u00f1ar a la sociedad y pretendes ocupar espacios que deben estar ocupados por personas.<\/p>\n\n\n\n<p>\u201cNo puedo creer que haya alguien en sus cinco sentidos que quiera decirte que no ve por usar lentes, una cosa es usar lentes y otra no ver; hemos enfrentado barreras siempre para poder sobrevivir y estas personas que se encuentran aqu\u00ed (en el \u201ctendedero\u201d( nunca han sabido que es tener una discapacidad\u201d, reproch\u00f3.<\/p>\n","protected":false},"excerpt":{"rendered":"<p>Ismael Garc\u00eda M.\/Zona Roja. Oaxaca de Ju\u00e1rez, Oax., a 23 de abril de 2024.- \u201cLa&hellip;<\/p>\n","protected":false},"author":2,"featured_media":67547,"comment_status":"closed","ping_status":"open","sticky":false,"template":"","format":"standard","meta":{"_lmt_disableupdate":"","_lmt_disable":"","_jetpack_memberships_contains_paid_content":false,"footnotes":""},"categories":[109,46],"tags":[],"class_list":["post-67546","post","type-post","status-publish","format-standard","has-post-thumbnail","hentry","category-minuto-a-minuto","category-zona-blanca"],"jetpack_featured_media_url":"https:\/\/zonaroja.com.mx\/wp-content\/uploads\/2024\/04\/Protesta-discapacitados-falsas-acciones-afirmativas-Oaxaca.jpg","jetpack_sharing_enabled":true,"_links":{"self":[{"href":"https:\/\/zonaroja.com.mx\/index.php?rest_route=\/wp\/v2\/posts\/67546","targetHints":{"allow":["GET"]}}],"collection":[{"href":"https:\/\/zonaroja.com.mx\/index.php?rest_route=\/wp\/v2\/posts"}],"about":[{"href":"https:\/\/zonaroja.com.mx\/index.php?rest_route=\/wp\/v2\/types\/post"}],"author":[{"embeddable":true,"href":"https:\/\/zonaroja.com.mx\/index.php?rest_route=\/wp\/v2\/users\/2"}],"replies":[{"embeddable":true,"href":"https:\/\/zonaroja.com.mx\/index.php?rest_route=%2Fwp%2Fv2%2Fcomments&post=67546"}],"version-history":[{"count":1,"href":"https:\/\/zonaroja.com.mx\/index.php?rest_route=\/wp\/v2\/posts\/67546\/revisions"}],"predecessor-version":[{"id":67548,"href":"https:\/\/zonaroja.com.mx\/index.php?rest_route=\/wp\/v2\/posts\/67546\/revisions\/67548"}],"wp:featuredmedia":[{"embeddable":true,"href":"https:\/\/zonaroja.com.mx\/index.php?rest_route=\/wp\/v2\/media\/67547"}],"wp:attachment":[{"href":"https:\/\/zonaroja.com.mx\/index.php?rest_route=%2Fwp%2Fv2%2Fmedia&parent=67546"}],"wp:term":[{"taxonomy":"category","embeddable":true,"href":"https:\/\/zonaroja.com.mx\/index.php?rest_route=%2Fwp%2Fv2%2Fcategories&post=67546"},{"taxonomy":"post_tag","embeddable":true,"href":"https:\/\/zonaroja.com.mx\/index.php?rest_route=%2Fwp%2Fv2%2Ftags&post=67546"}],"curies":[{"name":"wp","href":"https:\/\/api.w.org\/{rel}","templated":true}]}}