{"id":6755,"date":"2019-12-17T22:39:57","date_gmt":"2019-12-18T04:39:57","guid":{"rendered":"http:\/\/www.zonaroja.com.mx\/?p=6755"},"modified":"2019-12-17T22:40:03","modified_gmt":"2019-12-18T04:40:03","slug":"martes-rojo-asaltos-armados-y-violentos-en-valles-centrales-costa-e-istmo","status":"publish","type":"post","link":"https:\/\/zonaroja.com.mx\/?p=6755","title":{"rendered":"Martes rojo: asaltos armados y violentos en Valles Centrales, Costa e Istmo"},"content":{"rendered":"\n<p>Redacci\u00f3n\/Zona Roja. Foto: El Pi\u00f1ero<\/p>\n\n\n\n<p>Oaxaca de Ju\u00e1rez, Oax., 17 de diciembre\nde 2019.- Al menos cuatro asaltos violentos a mano armada se registraron en\nOaxaca en las \u00faltimas 24 horas, adem\u00e1s de un ataque a personal de la Fiscal\u00eda\nGeneral del Estado.<\/p>\n\n\n\n<p>Cerca de las 10:00 horas de este\nmartes, en el camino local El Sabino, que comunica a las riberas del r\u00edo \u201cAtoyac\u201d\nde Santa Cruz Xoxocotl\u00e1n con la avenida S\u00edmbolos Patrios, un individuo fue\nasaltado y herido de bala.<\/p>\n\n\n\n<p>Los hechos se registraron junto a un local\naleda\u00f1o a la empresa Fedex a donde arribaron elementos de la Polic\u00eda Estatal y\nde la Agencia Estatal de Investigaciones quienes acordonaron el lugar.<\/p>\n\n\n\n<p>De acuerdo con los primeros datos, la\npersona herida se encontraba al interior de un veh\u00edculo marca Volkswagen, tipo Pointer,\nestacionado muy cerca de unos campos de futbol y del Instituto Cumbres, al que\nacuden hijos de funcionarios p\u00fablicos.<\/p>\n\n\n\n<p>La v\u00edctima fue identificada como Jorge\nCervantes Cruz, de 25 a\u00f1os de edad, a quien le robaron aproximadamente 37 mil\npesos, que reci\u00e9n hab\u00eda retirado de un banco; no hubo detenidos.<\/p>\n\n\n\n<p>Se trata de la segunda ocasi\u00f3n en la\nque ocurre un hecho similar en la zona, ya que el pasado 12 de diciembre fueron\nagredidos dos personas, ocupantes de una pipa, uno de los cuales result\u00f3 con\nherida de bala y otro por cachazo.<\/p>\n\n\n\n<p>Mientras tanto, en Ciudad Ixtepec,\nmunicipio de la regi\u00f3n del Istmo, se suscit\u00f3 otro ataque armado en una casa de\nempe\u00f1o denominada \u201cMazatl\u00e1n\u201d, ubicada en la calle Morelos esquina con\nMoctezuma, colonia La Estaci\u00f3n.<\/p>\n\n\n\n<p>Los maleantes hicieron disparos al aire\ny a los cristales para amedrentar a trabajadores y clientes; tras apoderarse\ndel dinero huyeron a bordo de un taxi del sitio \u201cSan Jer\u00f3nimo\u201d, que\nsecuestraron con todo y chofer; hasta el momento no han sido localizados.<\/p>\n\n\n\n<p>A su vez, en Santiago Jamiltepec, fue\nrobada con violencia una camioneta, cuando la unidad transitaba por las calles\nde ese municipio de la regi\u00f3n Costa; horas m\u00e1s tarde fue localizado en\ninmediaciones de la localidad de Piedra Ancha, pero incendiado totalmente. Era una\ncamioneta marca Nissan, tipo doble cabina, color blanco, con placas de\ncirculaci\u00f3n placas RX-17-286 de Oaxaca.<\/p>\n\n\n\n<p>Mientras tanto, en Ciudad Ixtepec,\nmunicipio istme\u00f1o, fue robado un taxi con todo y chofer, durante la ma\u00f1ana de\nhoy.<\/p>\n\n\n\n<p>M\u00e1s tarde el ruletero fue localizado rumbo\na Chihuat\u00e1n, salvo y sano; tras ello junto con sus compa\u00f1eros del gremio fue a\ninterponer una denuncia ante la sede de la Fiscal\u00eda General del Estado en\nIxtepec, sin embargo, no hubo personal que recibiera su queja.<\/p>\n\n\n\n<p>En tanto anoche, en el municipio de\nMat\u00edas&nbsp; Romero Avenda\u00f1o, un grupo armado\nincendi\u00f3 un veh\u00edculo de un elemento de la Agencia Estatal de Investigaciones,\ndependiente de la Fiscal\u00eda General.<\/p>\n\n\n\n<p>Afortunadamente se dieron cuenta a tiempo\npor lo que pudieron sofocar las llamas y rescatar a la esposa del polic\u00eda de\ninvestigaci\u00f3n; el saldo final fue \u00fanicamente da\u00f1os materiales a la unidad de\nmotor.<\/p>\n","protected":false},"excerpt":{"rendered":"<p>Redacci\u00f3n\/Zona Roja. Foto: El Pi\u00f1ero Oaxaca de Ju\u00e1rez, Oax., 17 de diciembre de 2019.- Al&hellip;<\/p>\n","protected":false},"author":2,"featured_media":6756,"comment_status":"closed","ping_status":"open","sticky":false,"template":"","format":"standard","meta":{"_lmt_disableupdate":"","_lmt_disable":"","_jetpack_memberships_contains_paid_content":false,"footnotes":""},"categories":[109,51],"tags":[703,133],"class_list":["post-6755","post","type-post","status-publish","format-standard","has-post-thumbnail","hentry","category-minuto-a-minuto","category-zona-roja","tag-ciudad-ixtepec","tag-santa-cruz-xoxocotlan"],"jetpack_featured_media_url":"https:\/\/zonaroja.com.mx\/wp-content\/uploads\/2019\/12\/Salto-ixtepec.jpg","jetpack_sharing_enabled":true,"_links":{"self":[{"href":"https:\/\/zonaroja.com.mx\/index.php?rest_route=\/wp\/v2\/posts\/6755","targetHints":{"allow":["GET"]}}],"collection":[{"href":"https:\/\/zonaroja.com.mx\/index.php?rest_route=\/wp\/v2\/posts"}],"about":[{"href":"https:\/\/zonaroja.com.mx\/index.php?rest_route=\/wp\/v2\/types\/post"}],"author":[{"embeddable":true,"href":"https:\/\/zonaroja.com.mx\/index.php?rest_route=\/wp\/v2\/users\/2"}],"replies":[{"embeddable":true,"href":"https:\/\/zonaroja.com.mx\/index.php?rest_route=%2Fwp%2Fv2%2Fcomments&post=6755"}],"version-history":[{"count":1,"href":"https:\/\/zonaroja.com.mx\/index.php?rest_route=\/wp\/v2\/posts\/6755\/revisions"}],"predecessor-version":[{"id":6757,"href":"https:\/\/zonaroja.com.mx\/index.php?rest_route=\/wp\/v2\/posts\/6755\/revisions\/6757"}],"wp:featuredmedia":[{"embeddable":true,"href":"https:\/\/zonaroja.com.mx\/index.php?rest_route=\/wp\/v2\/media\/6756"}],"wp:attachment":[{"href":"https:\/\/zonaroja.com.mx\/index.php?rest_route=%2Fwp%2Fv2%2Fmedia&parent=6755"}],"wp:term":[{"taxonomy":"category","embeddable":true,"href":"https:\/\/zonaroja.com.mx\/index.php?rest_route=%2Fwp%2Fv2%2Fcategories&post=6755"},{"taxonomy":"post_tag","embeddable":true,"href":"https:\/\/zonaroja.com.mx\/index.php?rest_route=%2Fwp%2Fv2%2Ftags&post=6755"}],"curies":[{"name":"wp","href":"https:\/\/api.w.org\/{rel}","templated":true}]}}