{"id":67579,"date":"2024-04-23T21:55:08","date_gmt":"2024-04-24T03:55:08","guid":{"rendered":"https:\/\/zonaroja.com.mx\/?p=67579"},"modified":"2024-04-23T21:55:57","modified_gmt":"2024-04-24T03:55:57","slug":"67579","status":"publish","type":"post","link":"https:\/\/zonaroja.com.mx\/?p=67579","title":{"rendered":"Segundo piso de la transformaci\u00f3n traer\u00e1 m\u00e1s beneficios a Oaxaca: Nino"},"content":{"rendered":"\n<p>Raymundo Morales\/Zona Roja.<\/p>\n\n\n\n<p>Oaxaca de Ju\u00e1rez, Oax., a 23 de abril de 2024.- El segundo piso de la transformaci\u00f3n que encabezar\u00e1 Claudia Sheinbaum traer\u00e1 tambi\u00e9n beneficios para Oaxaca.<\/p>\n\n\n\n<p>As\u00ed lo afirm\u00f3 Antonino Morales Toledo, candidato al Senado por el Partido Morena, durante encuentros con militantes y simpatizantes en comunidades de la regi\u00f3n Valles Centrales y la capital.<\/p>\n\n\n\n<p>\u201cCon nuestra futura Presidenta vamos a consolidar el Corredor Interoce\u00e1nico que inici\u00f3 el primer gobierno de la transformaci\u00f3n, afirm\u00f3, al indicar que el proyecto permitir\u00e1 nuevas oportunidades de trabajo y progreso para el bienestar de las familias oaxaque\u00f1as.<\/p>\n\n\n\n<p>Durante su mitin de campa\u00f1a en Santa Mar\u00eda Pe\u00f1oles, el joven pol\u00edtico originario de la Heroica Villa de San Blas Atempa, y fundador de Morena, se\u00f1al\u00f3 que Oaxaca y todo el sur del pa\u00eds, siguen teniendo un futuro prometedor que sin duda forman parte de la consolidaci\u00f3n del Segundo Piso de la Transformaci\u00f3n.<\/p>\n\n\n\n<p>Nino Morales expuso que en esta su cuarta visita a Santa Mar\u00eda Pe\u00f1oles, hizo el compromiso de impulsar el desarrollo econ\u00f3mico de Oaxaca, siempre de la mano de la mujer que dirigir\u00e1 los destinos de M\u00e9xico, con una visi\u00f3n transformadora y humanista.<\/p>\n\n\n\n<p>Cabe mencionar que el candidato morenista, esta semana inici\u00f3 campa\u00f1a en Santa Rosa Panzacola, en la capital del estado, y tambi\u00e9n en San Felipe Tejal\u00e1pam, en donde dio a conocer sus diversas propuestas legislativas, siempre alineadas al proyecto de transformaci\u00f3n del pa\u00eds.<\/p>\n\n\n\n<p>EN EL ISTMO<\/p>\n\n\n\n<p>La v\u00edspera estuvo en la regi\u00f3n del Istmo, donde asegur\u00f3 que es tiempo de mujeres transformadoras y de izquierda, y sin duda Dennis Garc\u00eda Guti\u00e9rrez candidata a &nbsp;diputada local por el distrito 18 es una de ellas, sostuvo Nino Morales.<\/p>\n\n\n\n<p>El joven pol\u00edtico reconoci\u00f3 en la candidata Dennis a una mujer de valores y principios con la Cuarta Transformaci\u00f3n que sabe trabajar dando resultados y siempre con una visi\u00f3n humanista.<\/p>\n\n\n\n<p>Al reiterar que es tiempo de las mujeres, el joven pol\u00edtico morenista, tambi\u00e9n expuso que dirigidos por la Doctora Claudia Sheinbaum Pardo, como pr\u00f3xima Presidenta de M\u00e9xico, Dennis Garc\u00eda y &nbsp;mujeres del movimiento, marcar\u00e1n el nuevo rumbo de M\u00e9xico, con una planeaci\u00f3n, organizaci\u00f3n y visi\u00f3n humanista, nunca antes visto en la historia de nuestro pa\u00eds.<\/p>\n\n\n\n<p>Nino Morales indic\u00f3 que este pr\u00f3ximo 2 de junio, el Istmo saldr\u00e1 a votar de manera contundente por el movimiento transformador, siempre con el coraz\u00f3n y el compromiso de fortalecer el Plan C, al que est\u00e1n llamados por la historia.<\/p>\n","protected":false},"excerpt":{"rendered":"<p>Raymundo Morales\/Zona Roja. Oaxaca de Ju\u00e1rez, Oax., a 23 de abril de 2024.- El segundo&hellip;<\/p>\n","protected":false},"author":2,"featured_media":67580,"comment_status":"closed","ping_status":"open","sticky":false,"template":"","format":"standard","meta":{"_lmt_disableupdate":"","_lmt_disable":"","_jetpack_memberships_contains_paid_content":false,"footnotes":""},"categories":[109,47],"tags":[180],"class_list":["post-67579","post","type-post","status-publish","format-standard","has-post-thumbnail","hentry","category-minuto-a-minuto","category-zona-gris","tag-antonino-morales-toledo"],"jetpack_featured_media_url":"https:\/\/zonaroja.com.mx\/wp-content\/uploads\/2024\/04\/Candidato-Antonino-Morales-Valles.jpg","jetpack_sharing_enabled":true,"_links":{"self":[{"href":"https:\/\/zonaroja.com.mx\/index.php?rest_route=\/wp\/v2\/posts\/67579","targetHints":{"allow":["GET"]}}],"collection":[{"href":"https:\/\/zonaroja.com.mx\/index.php?rest_route=\/wp\/v2\/posts"}],"about":[{"href":"https:\/\/zonaroja.com.mx\/index.php?rest_route=\/wp\/v2\/types\/post"}],"author":[{"embeddable":true,"href":"https:\/\/zonaroja.com.mx\/index.php?rest_route=\/wp\/v2\/users\/2"}],"replies":[{"embeddable":true,"href":"https:\/\/zonaroja.com.mx\/index.php?rest_route=%2Fwp%2Fv2%2Fcomments&post=67579"}],"version-history":[{"count":2,"href":"https:\/\/zonaroja.com.mx\/index.php?rest_route=\/wp\/v2\/posts\/67579\/revisions"}],"predecessor-version":[{"id":67582,"href":"https:\/\/zonaroja.com.mx\/index.php?rest_route=\/wp\/v2\/posts\/67579\/revisions\/67582"}],"wp:featuredmedia":[{"embeddable":true,"href":"https:\/\/zonaroja.com.mx\/index.php?rest_route=\/wp\/v2\/media\/67580"}],"wp:attachment":[{"href":"https:\/\/zonaroja.com.mx\/index.php?rest_route=%2Fwp%2Fv2%2Fmedia&parent=67579"}],"wp:term":[{"taxonomy":"category","embeddable":true,"href":"https:\/\/zonaroja.com.mx\/index.php?rest_route=%2Fwp%2Fv2%2Fcategories&post=67579"},{"taxonomy":"post_tag","embeddable":true,"href":"https:\/\/zonaroja.com.mx\/index.php?rest_route=%2Fwp%2Fv2%2Ftags&post=67579"}],"curies":[{"name":"wp","href":"https:\/\/api.w.org\/{rel}","templated":true}]}}