{"id":6758,"date":"2019-12-18T07:00:06","date_gmt":"2019-12-18T13:00:06","guid":{"rendered":"http:\/\/www.zonaroja.com.mx\/?p=6758"},"modified":"2019-12-18T07:00:10","modified_gmt":"2019-12-18T13:00:10","slug":"sin-fianza-genaro-garcia-luna-enfrentara-proceso-en-nueva-york","status":"publish","type":"post","link":"https:\/\/zonaroja.com.mx\/?p=6758","title":{"rendered":"Sin fianza, Genaro Garc\u00eda Luna enfrentar\u00e1 proceso en Nueva York"},"content":{"rendered":"\n<p>Redacci\u00f3n\/Zona Roja Cdmx.<\/p>\n\n\n\n<p>Ciudad de M\u00e9xico, 18 de diciembre de\n2019.- Al ex secretario de Seguridad P\u00fablica de M\u00e9xico, Genaro Garc\u00eda Luna, le\nfue negado ayer el derecho a fianza y permanecer\u00e1 preso en Texas, Estados\nUnidos de Norteam\u00e9rica, antes de ser trasladado a Nueva York para enfrentar\ncargos y un posible juicio por narcotr\u00e1fico y corrupci\u00f3n.<\/p>\n\n\n\n<p>Es el funcionario mexicano de mayor\nrango en ser llevado ante la justicia estadunidense, dio a conocer el diario \u201cLa\nJornada\u201d.<\/p>\n\n\n\n<p>Garc\u00eda Luna se present\u00f3 ayer, con\ngrilletes en pies y manos, ante un tribunal en Dallas, donde el juez David\nHoran orden\u00f3 que permanezca encarcelado en Texas, sin derecho a fianza. <\/p>\n\n\n\n<p>Familiares del acusado, agentes\nfederales estadunidenses y prensa binacional atestiguaron el inicio de un\nproceso sin precedente por tratarse de un ex integrante del gabinete de la\nPresidencia de M\u00e9xico, as\u00ed como interlocutor central de Washington en la\nllamada guerra contra las drogas.<\/p>\n\n\n\n<p>Agentes del servicio federal de\nalguaciles preparar\u00e1n su traslado \u2013no se sabe la fecha exacta, pero podr\u00eda ser\nen d\u00edas o semanas\u2013 a Nueva York, donde enfrentar\u00e1 un proceso judicial ante el\nmismo tribunal federal de Brooklyn donde se realiz\u00f3 el juicio contra Joaqu\u00edn \u201cEl\nChapo\u201d Guzm\u00e1n Loera, agrega la informaci\u00f3n de \u201cLa Jornada\u201d.<\/p>\n\n\n\n<p>Los fiscales federales en Nueva York ya\nhab\u00edan presentado argumentos con el fin de que le negaran la libertad bajo\nfianza, al se\u00f1alar que tanto por la fortuna multimillonaria proveniente de su\nasistencia corrupta al c\u00e1rtel de Sinaloa como sus amplias relaciones y tr\u00e1nsito\nrepetido a M\u00e9xico \u2013detallaron que s\u00f3lo este a\u00f1o viaj\u00f3 en por lo menos cinco\nocasiones y realiz\u00f3 el \u00faltimo viaje a su pa\u00eds el 17 de noviembre\u2013 Garc\u00eda Luna\nrepresenta un riesgo de fuga.<\/p>\n\n\n\n<p>Indicaron que \u201cel acusado tiene\nv\u00ednculos con integrantes de alto nivel del c\u00e1rtel de Sinaloa en M\u00e9xico, as\u00ed como\ncon ex funcionarios gubernamentales, quienes probablemente est\u00e1n dispuestos a\nasistirlo para huir de las fuerzas de seguridad p\u00fablica estadunidenses y darle\nrefugio en M\u00e9xico\u201d.<\/p>\n\n\n\n<p>Aunque el acusado no tiene un historial\ncriminal, su historia personal y sus caracter\u00edsticas exigen su detenci\u00f3n, y\ndemuestran que representa un riesgo de fuga, resumieron los fiscales, se\u00f1alaron.<\/p>\n\n\n\n<p>El ex jefe de la Polic\u00eda Federal\n(2001-2005) y ex secretario de Seguridad P\u00fablica (2006-2012) bajo las\npresidencias de Vicente Fox y Felipe Calder\u00f3n, fue acusado de tres cargos de\nconspiraci\u00f3n para traficar coca\u00edna y un cargo de declaraciones falsas a autoridades\nestadunidenses por fiscales federales en Nueva York a principios de este mes.\nCon ello, se gir\u00f3 una orden de detenci\u00f3n y Garc\u00eda Luna fue arrestado por\nagentes federales en Dallas el lunes pasado\n<\/p>\n\n\n<p>[https:\/\/www.jornada.com.mx\/2019\/12\/11\/politica\/003n1pol]<\/p>\n\n\n\n<p>.\n\n<\/p>\n\n\n\n<p>El cuarto cargo en su contra,\ndeclaraci\u00f3n falsa a las autoridades, es resultado de su solicitud para obtener\nla ciudadan\u00eda estadunidense en 2018. A\u00fan no se sabe qu\u00e9 estaba haciendo en\nTexas cuando fue aprehendido.<\/p>\n","protected":false},"excerpt":{"rendered":"<p>Redacci\u00f3n\/Zona Roja Cdmx. Ciudad de M\u00e9xico, 18 de diciembre de 2019.- Al ex secretario de&hellip;<\/p>\n","protected":false},"author":2,"featured_media":6759,"comment_status":"closed","ping_status":"open","sticky":false,"template":"","format":"standard","meta":{"_lmt_disableupdate":"","_lmt_disable":"","_jetpack_memberships_contains_paid_content":false,"footnotes":""},"categories":[109,47],"tags":[1123],"class_list":["post-6758","post","type-post","status-publish","format-standard","has-post-thumbnail","hentry","category-minuto-a-minuto","category-zona-gris","tag-genaro-garcia-luna"],"jetpack_featured_media_url":"https:\/\/zonaroja.com.mx\/wp-content\/uploads\/2019\/12\/Garc\u00eda-Luna.jpg","jetpack_sharing_enabled":true,"_links":{"self":[{"href":"https:\/\/zonaroja.com.mx\/index.php?rest_route=\/wp\/v2\/posts\/6758","targetHints":{"allow":["GET"]}}],"collection":[{"href":"https:\/\/zonaroja.com.mx\/index.php?rest_route=\/wp\/v2\/posts"}],"about":[{"href":"https:\/\/zonaroja.com.mx\/index.php?rest_route=\/wp\/v2\/types\/post"}],"author":[{"embeddable":true,"href":"https:\/\/zonaroja.com.mx\/index.php?rest_route=\/wp\/v2\/users\/2"}],"replies":[{"embeddable":true,"href":"https:\/\/zonaroja.com.mx\/index.php?rest_route=%2Fwp%2Fv2%2Fcomments&post=6758"}],"version-history":[{"count":1,"href":"https:\/\/zonaroja.com.mx\/index.php?rest_route=\/wp\/v2\/posts\/6758\/revisions"}],"predecessor-version":[{"id":6760,"href":"https:\/\/zonaroja.com.mx\/index.php?rest_route=\/wp\/v2\/posts\/6758\/revisions\/6760"}],"wp:featuredmedia":[{"embeddable":true,"href":"https:\/\/zonaroja.com.mx\/index.php?rest_route=\/wp\/v2\/media\/6759"}],"wp:attachment":[{"href":"https:\/\/zonaroja.com.mx\/index.php?rest_route=%2Fwp%2Fv2%2Fmedia&parent=6758"}],"wp:term":[{"taxonomy":"category","embeddable":true,"href":"https:\/\/zonaroja.com.mx\/index.php?rest_route=%2Fwp%2Fv2%2Fcategories&post=6758"},{"taxonomy":"post_tag","embeddable":true,"href":"https:\/\/zonaroja.com.mx\/index.php?rest_route=%2Fwp%2Fv2%2Ftags&post=6758"}],"curies":[{"name":"wp","href":"https:\/\/api.w.org\/{rel}","templated":true}]}}