{"id":67592,"date":"2024-04-24T10:30:00","date_gmt":"2024-04-24T16:30:00","guid":{"rendered":"https:\/\/zonaroja.com.mx\/?p=67592"},"modified":"2024-04-24T07:53:31","modified_gmt":"2024-04-24T13:53:31","slug":"determinan-prision-preventiva-contra-el-hermano-de-el-mencho","status":"publish","type":"post","link":"https:\/\/zonaroja.com.mx\/?p=67592","title":{"rendered":"Determinan prisi\u00f3n preventiva contra el hermano de \u201cEl Mencho\u201d"},"content":{"rendered":"\n<p>Redacci\u00f3n\/Zona Roja Cdmx.<\/p>\n\n\n\n<p>Ciudad de M\u00e9xico, a 24 de abril de 2024.- Un juez federal determin\u00f3 dejar en prisi\u00f3n preventiva a Abraham O. C., alias \u2018Don Rodo\u2018, hermano del l\u00edder del C\u00e1rtel Jalisco Nueva Generaci\u00f3n (CJNG), Nemesio Oseguera \u2018El Mencho\u2018.<\/p>\n\n\n\n<p>En audiencia virtual, la Fiscal\u00eda General de la Rep\u00fablica (FGR) imput\u00f3 al presunto narcotraficante delitos contra la salud y violaciones a la Ley Federal de Armas de Fuego y Explosivos.&nbsp;<\/p>\n\n\n\n<p>El imputado se acogi\u00f3 a la duplicidad del t\u00e9rmino constitucional, por lo que el juzgador le impuso la prisi\u00f3n preventiva y agend\u00f3 para el 27 de abril la continuaci\u00f3n de la audiencia.<\/p>\n\n\n\n<p>Este mismo martes, el sujeto fue trasladado desde la Fiscal\u00eda Especializada en Materia de Delincuencia Organizada (FEMDO) en la Ciudad de M\u00e9xico hasta el penal de m\u00e1xima seguridad del Altiplano en el Estado de M\u00e9xico.<\/p>\n\n\n\n<p>Agentes de la Guardia Nacional realizaron el domingo pasado la detenci\u00f3n el pasado domingo del hermano de Nemesio Oseguera Cervantes, alias \u201cEl Mencho\u201d, l\u00edder del C\u00e1rtel Jalisco Nueva Generaci\u00f3n (CJNG), considerado el grupo delincuencial m\u00e1s peligroso de M\u00e9xico.<\/p>\n\n\n\n<p>La captura&nbsp; del presunto narcotraficante ocurri\u00f3 a las 3:48 h en Autl\u00e1n de Navarro, en Jalisco, seg\u00fan el reporte disponible en el Registro Nacional de Detenciones (RND).<\/p>\n\n\n\n<p>El Ej\u00e9rcito mexicano detall\u00f3 que al presunto delincuente le fueron aseguradas dos armas de fuego con cargadores, cartuchos y dosis de presuntas drogas.<\/p>\n\n\n\n<p>Cabe destacar que Abraham \u201cN\u201d es considerado uno de los principales coordinadores de las operaciones log\u00edsticas y financieras, dedicado al lavado de dinero y encargado del tr\u00e1fico y venta de drogas para la organizaci\u00f3n delictiva de la entidad en donde fue detenido y a la que presuntamente pertenece\u201d, indic\u00f3 la autoridad federal en un bolet\u00edn de prensa.<\/p>\n\n\n\n<p>Apenas en diciembre de 2022, las autoridades mexicanas detuvieron a Antonio Oseguera Cervantes, alias \u201cTony Montana\u201d, otro de los hermanos de \u201cEl Mencho\u201d.<\/p>\n\n\n\n<p>El Departamento de Justicia de Estados Unidos considera al CJNG como uno de los c\u00e1rteles de droga m\u00e1s peligrosos y prol\u00edficos de M\u00e9xico, y de ser responsable de llevar a Norteam\u00e9rica cantidades significativas de drogas ilegales y de emplear \u201cextrema violencia\u201d para acometer tal objetivo.<\/p>\n\n\n\n<p>En medio de la presencia del CJNG, Jalisco es el quinto estado con m\u00e1s homicidios en M\u00e9xico al registrar 459 de los siete mil 155 cometidos a nivel nacional en el primer trimestre del a\u00f1o, seg\u00fan datos que exhibi\u00f3 el martes la SSPC.<\/p>\n\n\n\n<p>(Con informaci\u00f3n de L\u00f3pez-D\u00f3riga Digital y \u201cMilenio\u201d)<\/p>\n","protected":false},"excerpt":{"rendered":"<p>Redacci\u00f3n\/Zona Roja Cdmx. Ciudad de M\u00e9xico, a 24 de abril de 2024.- Un juez federal&hellip;<\/p>\n","protected":false},"author":2,"featured_media":67593,"comment_status":"closed","ping_status":"open","sticky":false,"template":"","format":"standard","meta":{"_lmt_disableupdate":"","_lmt_disable":"","_jetpack_memberships_contains_paid_content":false,"footnotes":""},"categories":[109,47],"tags":[3916],"class_list":["post-67592","post","type-post","status-publish","format-standard","has-post-thumbnail","hentry","category-minuto-a-minuto","category-zona-gris","tag-abraham-oseguera-don-rodo"],"jetpack_featured_media_url":"https:\/\/zonaroja.com.mx\/wp-content\/uploads\/2024\/04\/Don-Rodo-hermano-de-El-Mencho.jpg","jetpack_sharing_enabled":true,"_links":{"self":[{"href":"https:\/\/zonaroja.com.mx\/index.php?rest_route=\/wp\/v2\/posts\/67592","targetHints":{"allow":["GET"]}}],"collection":[{"href":"https:\/\/zonaroja.com.mx\/index.php?rest_route=\/wp\/v2\/posts"}],"about":[{"href":"https:\/\/zonaroja.com.mx\/index.php?rest_route=\/wp\/v2\/types\/post"}],"author":[{"embeddable":true,"href":"https:\/\/zonaroja.com.mx\/index.php?rest_route=\/wp\/v2\/users\/2"}],"replies":[{"embeddable":true,"href":"https:\/\/zonaroja.com.mx\/index.php?rest_route=%2Fwp%2Fv2%2Fcomments&post=67592"}],"version-history":[{"count":1,"href":"https:\/\/zonaroja.com.mx\/index.php?rest_route=\/wp\/v2\/posts\/67592\/revisions"}],"predecessor-version":[{"id":67594,"href":"https:\/\/zonaroja.com.mx\/index.php?rest_route=\/wp\/v2\/posts\/67592\/revisions\/67594"}],"wp:featuredmedia":[{"embeddable":true,"href":"https:\/\/zonaroja.com.mx\/index.php?rest_route=\/wp\/v2\/media\/67593"}],"wp:attachment":[{"href":"https:\/\/zonaroja.com.mx\/index.php?rest_route=%2Fwp%2Fv2%2Fmedia&parent=67592"}],"wp:term":[{"taxonomy":"category","embeddable":true,"href":"https:\/\/zonaroja.com.mx\/index.php?rest_route=%2Fwp%2Fv2%2Fcategories&post=67592"},{"taxonomy":"post_tag","embeddable":true,"href":"https:\/\/zonaroja.com.mx\/index.php?rest_route=%2Fwp%2Fv2%2Ftags&post=67592"}],"curies":[{"name":"wp","href":"https:\/\/api.w.org\/{rel}","templated":true}]}}