{"id":67608,"date":"2024-04-24T19:52:20","date_gmt":"2024-04-25T01:52:20","guid":{"rendered":"https:\/\/zonaroja.com.mx\/?p=67608"},"modified":"2024-04-24T19:52:22","modified_gmt":"2024-04-25T01:52:22","slug":"senador-de-oaxaca-promueve-sacrificio-animal-en-institucion-publica","status":"publish","type":"post","link":"https:\/\/zonaroja.com.mx\/?p=67608","title":{"rendered":"Senador de Oaxaca promueve sacrificio animal en instituci\u00f3n p\u00fablica"},"content":{"rendered":"\n<p>Redacci\u00f3n\/Zona Roja Cdmx.<\/p>\n\n\n\n<p>Ciudad de M\u00e9xico, a 24 de abril de 2024.- Por el D\u00eda de la Lluvia, dedicado al dios prehisp\u00e1nico Tl\u00e1loc, una gallina fue sacrificada como ofrenda, en un acto que fue convocado por el senador de Morena, Adolfo G\u00f3mez Hern\u00e1ndez; sin embargo, la Presidencia de la Mesa Directiva del Senado se deslind\u00f3 de dicha ceremonia llevada a cabo en el recinto legislativo.<\/p>\n\n\n\n<p>Mediante un comunicado, la presidenta de la Mesa Directiva del Senado, la tambi\u00e9n morenista Ana Lilia Rivera, responsabiliz\u00f3 del hecho al senador Adolfo G\u00f3mez, quien justific\u00f3 la ceremonia bajo el argumento de usos y costumbres de un grupo o comunidad ind\u00edgena de la que manifest\u00f3 su autoadscripci\u00f3n.<\/p>\n\n\n\n<p>\u201cLa presidencia de la Mesa Directiva hab\u00eda comunicado previamente al mencionado senador la negativa expresa de autorizar el ingreso de cualquier tipo de animal al edificio, conforme a los protocolos de seguridad y protecci\u00f3n civil vigentes.&nbsp;<\/p>\n\n\n\n<p>\u201cEn el Senado de la Rep\u00fablica se ha trabajado intensamente por el reconocimiento, defensa y promoci\u00f3n de los derechos de los animales, por lo que su Presidencia no respalda de ninguna manera los hechos acontecidos y tomar\u00e1 las medidas disciplinarias pertinentes con el senador responsable\u201d, manifest\u00f3 la presidenta del Senado.<\/p>\n\n\n\n<p>EST\u00c1 PROHIBIDO<\/p>\n\n\n\n<p>De acuerdo a la Ley de Protecci\u00f3n a los Animales de la Ciudad de M\u00e9xico, en su art\u00edculo 25 proh\u00edbe el uso de animales para celebrar ritos o tradiciones en las que se afecte su bienestar.<\/p>\n\n\n\n<p>\u201cArt\u00edculo 25. Queda prohibido por cualquier motivo: XIII. El uso de animales en la celebraci\u00f3n de ritos y usos tradicionales que puedan afectar el bienestar animal\u201d.<\/p>\n\n\n\n<p>Fue decisi\u00f3n personal del senador Adolfo G\u00f3mez Hern\u00e1ndez el sacrificio de una gallina en la sede del Senado, como ritual en la ofrenda por el D\u00eda de la Lluvia (Tl\u00e1loc), por lo que la mayor\u00eda de la bancada de Morena se deslind\u00f3 de este tipo de actos que no comparte, asegur\u00f3 el coordinador Ricardo Monreal.<\/p>\n\n\n\n<p>El coordinador de los senadores morenistas detall\u00f3 que en el Grupo Parlamentario conminaron a Adolfo G\u00f3mez a que no lo hiciera.<\/p>\n\n\n\n<p>\u201cEn el Grupo Parlamentario de Morena no estuvimos de acuerdo la mayor\u00eda y no fue un acuerdo sino una decisi\u00f3n personal del senador\u201d, recalc\u00f3.<\/p>\n\n\n\n<p>EN DESACUERDO<\/p>\n\n\n\n<p>En entrevista, el l\u00edder de la bancada mayoritaria aclar\u00f3: \u201cno estoy de acuerdo, en lo personal, con sacrificio de ning\u00fan animal en ning\u00fan aparte; soy animalista y creo en la vida y por eso no estoy de acuerdo\u201d.<\/p>\n\n\n\n<p>\u201cAun cuando se trate, como \u00e9l alega, de usos y costumbres de sus pueblos originarios, \u00e9l representa a los pueblos originarios en Oaxaca, pero la mayor\u00eda de Morena nos hemos deslindado de este tipo de actos que pueden estar encuadrados en usos y costumbres, pero que nosotros no compartimos\u201d, agreg\u00f3.<\/p>\n\n\n\n<p>Respecto a la decisi\u00f3n de bajar de las redes sociales del Senado la transmisi\u00f3n y el video completo de este ritual, Monreal \u00c1vila dijo que de su parte no fue. \u201cNo, no s\u00e9 qui\u00e9n lo hizo, ni qui\u00e9n lo orden\u00f3\u201d, reiter\u00f3.<\/p>\n\n\n\n<p>\u201cHabr\u00eda que pedirle una explicaci\u00f3n al Canal del Congreso, pero no supe qui\u00e9n habl\u00f3 con \u00e9l o qu\u00e9 autoridad le orden\u00f3 que bajara eso. No, no tengo problemas, pero es una decisi\u00f3n de Comunicaci\u00f3n Social y Comunicaci\u00f3n Social depende de presidencia de Mesa Directiva\u201d, se\u00f1al\u00f3.<\/p>\n\n\n\n<p>LO DENUNCIAR\u00c1N<\/p>\n\n\n\n<p>Adem\u00e1s del procedimiento disciplinario al interior del Senado que anunci\u00f3 Ana Lilia Rivera, el legislador Adolfo G\u00f3mez ser\u00e1 denunciado por organizaciones protectoras de animales.<\/p>\n\n\n\n<p>La organizaci\u00f3n Anima Naturalis M\u00e9xico dio a conocer que este jueves 25 de abril presentar\u00e1 una denuncia penal en la Fiscal\u00eda General de Justicia de la Cdmx por maltrato animal en contra del legislador de Morena.<\/p>\n\n\n\n<p>\u00bfQUI\u00c9N ES?<\/p>\n\n\n\n<p>El senador Adolfo G\u00f3mez ocupa un esca\u00f1o al llegar, en diciembre de 2021, en sustituci\u00f3n de Salom\u00f3n Jara Cruz, quien pidi\u00f3 licencia porque gan\u00f3 las elecciones para ser gobernador de Oaxaca.<\/p>\n\n\n\n<p>G\u00f3mez Hern\u00e1ndez es licenciado en Derecho por la Universidad Aut\u00f3noma Benito Ju\u00e1rez de Oaxaca, y, seg\u00fan su perfil curricular, ha sido presidente municipal de San Juan Mixtepec.<\/p>\n\n\n\n<p>(Con informaci\u00f3n de Quadrat\u00edn, en \u201cEl Financiero\u201d)<\/p>\n","protected":false},"excerpt":{"rendered":"<p>Redacci\u00f3n\/Zona Roja Cdmx. Ciudad de M\u00e9xico, a 24 de abril de 2024.- Por el D\u00eda&hellip;<\/p>\n","protected":false},"author":2,"featured_media":67609,"comment_status":"closed","ping_status":"open","sticky":false,"template":"","format":"standard","meta":{"_lmt_disableupdate":"","_lmt_disable":"","_jetpack_memberships_contains_paid_content":false,"footnotes":""},"categories":[109,47],"tags":[3702],"class_list":["post-67608","post","type-post","status-publish","format-standard","has-post-thumbnail","hentry","category-minuto-a-minuto","category-zona-gris","tag-adolfo-gomez-hernandez"],"jetpack_featured_media_url":"https:\/\/zonaroja.com.mx\/wp-content\/uploads\/2024\/04\/Sacrificio-gallina-senador-Adolfo-Gomez-Oaxaca.webp","jetpack_sharing_enabled":true,"_links":{"self":[{"href":"https:\/\/zonaroja.com.mx\/index.php?rest_route=\/wp\/v2\/posts\/67608","targetHints":{"allow":["GET"]}}],"collection":[{"href":"https:\/\/zonaroja.com.mx\/index.php?rest_route=\/wp\/v2\/posts"}],"about":[{"href":"https:\/\/zonaroja.com.mx\/index.php?rest_route=\/wp\/v2\/types\/post"}],"author":[{"embeddable":true,"href":"https:\/\/zonaroja.com.mx\/index.php?rest_route=\/wp\/v2\/users\/2"}],"replies":[{"embeddable":true,"href":"https:\/\/zonaroja.com.mx\/index.php?rest_route=%2Fwp%2Fv2%2Fcomments&post=67608"}],"version-history":[{"count":1,"href":"https:\/\/zonaroja.com.mx\/index.php?rest_route=\/wp\/v2\/posts\/67608\/revisions"}],"predecessor-version":[{"id":67610,"href":"https:\/\/zonaroja.com.mx\/index.php?rest_route=\/wp\/v2\/posts\/67608\/revisions\/67610"}],"wp:featuredmedia":[{"embeddable":true,"href":"https:\/\/zonaroja.com.mx\/index.php?rest_route=\/wp\/v2\/media\/67609"}],"wp:attachment":[{"href":"https:\/\/zonaroja.com.mx\/index.php?rest_route=%2Fwp%2Fv2%2Fmedia&parent=67608"}],"wp:term":[{"taxonomy":"category","embeddable":true,"href":"https:\/\/zonaroja.com.mx\/index.php?rest_route=%2Fwp%2Fv2%2Fcategories&post=67608"},{"taxonomy":"post_tag","embeddable":true,"href":"https:\/\/zonaroja.com.mx\/index.php?rest_route=%2Fwp%2Fv2%2Ftags&post=67608"}],"curies":[{"name":"wp","href":"https:\/\/api.w.org\/{rel}","templated":true}]}}