{"id":67617,"date":"2024-04-24T22:03:22","date_gmt":"2024-04-25T04:03:22","guid":{"rendered":"https:\/\/zonaroja.com.mx\/?p=67617"},"modified":"2024-04-24T22:03:25","modified_gmt":"2024-04-25T04:03:25","slug":"rebasa-las-12-horas-bloqueo-en-el-istmo-hay-otra-protesta-en-la-mixteca","status":"publish","type":"post","link":"https:\/\/zonaroja.com.mx\/?p=67617","title":{"rendered":"Rebasa las 12 horas bloqueo en el Istmo; hay otra protesta en la Mixteca"},"content":{"rendered":"\n<p>Ismael Garc\u00eda M.\/Zona Roja.<\/p>\n\n\n\n<p>Oaxaca de Ju\u00e1rez, Oax., a 24 de abril de 2024.- El bloqueo en la carretera Trans\u00edstmica, en jurisdicci\u00f3n del municipio de Mat\u00edas Romero Avenda\u00f1o, rebasa las 12 horas y se prev\u00e9 que contin\u00fae toda la noche.<\/p>\n\n\n\n<p>Es por parte de habitantes de la localidad Profesor Otilio Monta\u00f1o, que demanda la intervenci\u00f3n urgente del gobierno federal para que terminen de revestir un camino de 14 kil\u00f3metros, que tiene in retraso de ocho meses.<\/p>\n\n\n\n<p>A trav\u00e9s de un video, los pobladores de esa localidad, perteneciente a Mat\u00edas Romero, denunciaron a la empresa Conaisa S. A. de C. V. de incumplir con los trabajos, que tiene una inversi\u00f3n superior a los seis millones de pesos y que pese a que ya fue ministrado el recursos financiero, no hay avances.<\/p>\n\n\n\n<p>Reprocharon que la Secretar\u00eda de Infraestructuras, Comunicaciones y Transporte (SICT) de Oaxaca no haya hecho nada para obligar a dicha empresa, por lo cual demandaron la intervenci\u00f3n del gobierno federal.<\/p>\n\n\n\n<p>Por la tarde, los pobladores retuvieron por unas horas a los ocupantes de una patrulla de la Guardia Nacional, que intent\u00f3 cruzar por la vialidad, pese al bloqueo.<\/p>\n\n\n\n<p>Hasta esta noche el bloqueo se mantiene en la carretera Trans\u00edstmica, a la altura de la comunidad Las Malvinas de Mat\u00edas Romero, lo cual impide la comunicaci\u00f3n entre el Istmo y el estado de Veracruz.<\/p>\n\n\n\n<p>OTRO M\u00c1S<\/p>\n\n\n\n<p>Por otra parte, la tarde de este mi\u00e9rcoles se registr\u00f3 otro bloqueo carretero, ahora en la regi\u00f3n de la Mixteca.<\/p>\n\n\n\n<p>Se trata de pobladores de Santiago Yosond\u00faa, que bloquean el acceso al municipio de Santo Domingo Ixcatl\u00e1n.<\/p>\n\n\n\n<p>Lo anterior derivado de un conflicto por l\u00edmites de tierra, de lo cual han pedido intervenci\u00f3n del Gobierno del Estado para solucionar la problem\u00e1tica de invasi\u00f3n de tierras de Yosond\u00faa.<\/p>\n","protected":false},"excerpt":{"rendered":"<p>Ismael Garc\u00eda M.\/Zona Roja. Oaxaca de Ju\u00e1rez, Oax., a 24 de abril de 2024.- El&hellip;<\/p>\n","protected":false},"author":2,"featured_media":67618,"comment_status":"closed","ping_status":"open","sticky":false,"template":"","format":"standard","meta":{"_lmt_disableupdate":"","_lmt_disable":"","_jetpack_memberships_contains_paid_content":false,"footnotes":""},"categories":[109,47],"tags":[1975],"class_list":["post-67617","post","type-post","status-publish","format-standard","has-post-thumbnail","hentry","category-minuto-a-minuto","category-zona-gris","tag-bloqueos-carreteros-oaxaca"],"jetpack_featured_media_url":"https:\/\/zonaroja.com.mx\/wp-content\/uploads\/2024\/04\/Bloqueo-Otilio-Montano-Las-Malvinas.jpeg","jetpack_sharing_enabled":true,"_links":{"self":[{"href":"https:\/\/zonaroja.com.mx\/index.php?rest_route=\/wp\/v2\/posts\/67617","targetHints":{"allow":["GET"]}}],"collection":[{"href":"https:\/\/zonaroja.com.mx\/index.php?rest_route=\/wp\/v2\/posts"}],"about":[{"href":"https:\/\/zonaroja.com.mx\/index.php?rest_route=\/wp\/v2\/types\/post"}],"author":[{"embeddable":true,"href":"https:\/\/zonaroja.com.mx\/index.php?rest_route=\/wp\/v2\/users\/2"}],"replies":[{"embeddable":true,"href":"https:\/\/zonaroja.com.mx\/index.php?rest_route=%2Fwp%2Fv2%2Fcomments&post=67617"}],"version-history":[{"count":1,"href":"https:\/\/zonaroja.com.mx\/index.php?rest_route=\/wp\/v2\/posts\/67617\/revisions"}],"predecessor-version":[{"id":67619,"href":"https:\/\/zonaroja.com.mx\/index.php?rest_route=\/wp\/v2\/posts\/67617\/revisions\/67619"}],"wp:featuredmedia":[{"embeddable":true,"href":"https:\/\/zonaroja.com.mx\/index.php?rest_route=\/wp\/v2\/media\/67618"}],"wp:attachment":[{"href":"https:\/\/zonaroja.com.mx\/index.php?rest_route=%2Fwp%2Fv2%2Fmedia&parent=67617"}],"wp:term":[{"taxonomy":"category","embeddable":true,"href":"https:\/\/zonaroja.com.mx\/index.php?rest_route=%2Fwp%2Fv2%2Fcategories&post=67617"},{"taxonomy":"post_tag","embeddable":true,"href":"https:\/\/zonaroja.com.mx\/index.php?rest_route=%2Fwp%2Fv2%2Ftags&post=67617"}],"curies":[{"name":"wp","href":"https:\/\/api.w.org\/{rel}","templated":true}]}}