{"id":67620,"date":"2024-04-24T22:13:33","date_gmt":"2024-04-25T04:13:33","guid":{"rendered":"https:\/\/zonaroja.com.mx\/?p=67620"},"modified":"2024-04-24T22:13:35","modified_gmt":"2024-04-25T04:13:35","slug":"opinion-por-que-tumbaron-a-carmelita-ricardez-de-la-candidatura-del-pri-al-senado","status":"publish","type":"post","link":"https:\/\/zonaroja.com.mx\/?p=67620","title":{"rendered":"Opini\u00f3n. \u00bfPor qu\u00e9 \u2018tumbaron\u2019 a Carmelita Ric\u00e1rdez de la candidatura del PRI al Senado?"},"content":{"rendered":"\n<p>Adri\u00e1n Ortiz Romero Cuevas*<\/p>\n\n\n\n<p>El pasado 21 de abril la Sala Regional Xalapa del Tribunal Electoral del Poder Judicial de la Federaci\u00f3n, determin\u00f3 revocar la candidatura al Senado de Mar\u00eda del Carmen Ric\u00e1rdez Vela, al considerar que hab\u00eda falseado su adscripci\u00f3n como persona ind\u00edgena. \u00bfQu\u00e9 destino posible le depara a la priista, frente a este inusitado golpe asestado por la justicia electoral?&nbsp;<\/p>\n\n\n\n<p>En efecto, frente al anuncio de que la Sala Xalapa hab\u00eda revocado la candidatura de Ric\u00e1rdez Vela por no haber logrado acreditar su adscripci\u00f3n ind\u00edgena calificada, ella misma sali\u00f3 a afirmar que desconoc\u00eda el procedimiento; que ello violaba su derecho de audiencia y que se inconformar\u00eda ante la Sala Superior.&nbsp;<\/p>\n\n\n\n<p>A\u00fan con ello, parece claro que su destino como candidata es menos ben\u00e9volo de lo que pudiera creerse habida cuenta de que un elemento fundamental que s\u00ed acredit\u00f3 la Sala Regional es que Ric\u00e1rdez Vela&nbsp;le&nbsp;minti\u00f3&nbsp;tanto al Tribunal, como a la propia autoridad ind\u00edgena que le extendi\u00f3 el documento de pertenencia, al intentar acreditarse como tal.&nbsp;<\/p>\n\n\n\n<p>En ese sentido, vale la pena considerar la relevancia de la adscripci\u00f3n ind\u00edgena calificada. \u00bfQu\u00e9 significa esto? Que no basta con que una persona cuente con un documento de una autoridad municipal que reconozca la ascendencia ind\u00edgena, sino que adem\u00e1s se deben acreditar otros elementos como el trabajo que dicha persona ha realizado a favor de la comunidad; la pertenencia a la comunidad a trav\u00e9s de familiares, domicilio, la participaci\u00f3n en actividades sociales y de trabajo comunitario.&nbsp;<\/p>\n\n\n\n<p>Otro de los elementos fundamentales de dicha adscripci\u00f3n calificada es que la propia autoridad municipal&nbsp;reconozca&nbsp;expresamente, ante la autoridad electoral, la pertenencia efectiva a la comunidad de la persona que se&nbsp;autoadscribe&nbsp;como tal.<\/p>\n\n\n\n<p>En ese sentido, cobra particular relevancia el hecho de que&nbsp;la autoridad municipal de San Francisco&nbsp;Yovego, Villa Alta, haya negado la pertenencia de Ric\u00e1rdez Vela como&nbsp;originar\u00eda de la misma;&nbsp;que sus ascendientes fueran miembros de la poblaci\u00f3n o que hubiesen desempa\u00f1ado alg\u00fan cargo tradicional o de representaci\u00f3n, prestado servicio comunitario o haber participado en reuniones para lograr mejoras en el lugar o ser miembro de alguna asociaci\u00f3n ind\u00edgena.&nbsp;Incluso, la autoridad municipal afirm\u00f3 ante la justicia electoral que la carta de pertenencia,&nbsp;le fue extendida bajo el argumento de que con ella Ric\u00e1rdez Vela les llevar\u00eda beneficios para los ind\u00edgenas de la comunidad.<\/p>\n\n\n\n<p>As\u00ed, parece muy dif\u00edcil que la abanderada priista pueda remontar&nbsp;el hecho de que el Tribunal s\u00ed le acredit\u00f3 tanto el enga\u00f1o a la autoridad ind\u00edgena, como el intento de sorprender a la autoridad electoral.&nbsp;<\/p>\n\n\n\n<p>Todo ello, m\u00e1xime que se enfrenta a un entorno en el que todas las dem\u00e1s candidaturas de adscripci\u00f3n ind\u00edgena&nbsp;al Senado&nbsp;en Oaxaca fueron tambi\u00e9n revisadas por la Sala Regional, y s\u00f3lo la de ella result\u00f3 no cumplir con el requisito de la adscripci\u00f3n ind\u00edgena calificada.&nbsp;<\/p>\n\n\n\n<p>Se acredit\u00f3, pues, que las dos candidatas al Senado por el PAN s\u00ed son ind\u00edgenas reconocidas en sus comunidades; que la candidata del PRD tambi\u00e9n lo es a la comunidad mixe de Tamazulapam del Esp\u00edritu Santo;&nbsp;y que incluso la candidata&nbsp;postulada por el Partido Verde cumpli\u00f3 con dicho requisito de verificaci\u00f3n de la adscripci\u00f3n ind\u00edgena.<\/p>\n\n\n\n<p>As\u00ed, como si le hicieran falta problemas al ya de por s\u00ed revuelto&nbsp;y confrontado&nbsp;priismo oaxaque\u00f1o, es muy probable que al final se queden sin su principal candidata al Senado.&nbsp;<\/p>\n\n\n\n<p>EPITAFIO&nbsp;<\/p>\n\n\n\n<p>Los tiempos de los manotazos y los caprichos inopinados parecen estar quedando atr\u00e1s. Mientras pulula la verg\u00fcenza y el oprobio frente a esta ventaneada del TEPJF al PRI oaxaque\u00f1o,&nbsp;M\u00edriam Liborio Hern\u00e1ndez y Sof\u00eda Castro R\u00edos podr\u00edan acreditar, sin ning\u00fan problema, el requisito de adscripci\u00f3n ind\u00edgena \u2014y\/o afromexicana\u2014 calificada. Ap\u00fantenlas.&nbsp;<\/p>\n\n\n\n<p>@ortizromeroc<\/p>\n\n\n\n<p>@columnaalmargen<\/p>\n\n\n\n<p>http:\/\/columnaalmargen<\/p>\n","protected":false},"excerpt":{"rendered":"<p>Adri\u00e1n Ortiz Romero Cuevas* El pasado 21 de abril la Sala Regional Xalapa del Tribunal&hellip;<\/p>\n","protected":false},"author":2,"featured_media":67621,"comment_status":"closed","ping_status":"open","sticky":false,"template":"","format":"standard","meta":{"_lmt_disableupdate":"","_lmt_disable":"","_jetpack_memberships_contains_paid_content":false,"footnotes":""},"categories":[456,109],"tags":[2994],"class_list":["post-67620","post","type-post","status-publish","format-standard","has-post-thumbnail","hentry","category-columna","category-minuto-a-minuto","tag-adrian-ortiz-romero-cuevas"],"jetpack_featured_media_url":"https:\/\/zonaroja.com.mx\/wp-content\/uploads\/2024\/04\/Carmelita-Ricardez-Vela.jpeg","jetpack_sharing_enabled":true,"_links":{"self":[{"href":"https:\/\/zonaroja.com.mx\/index.php?rest_route=\/wp\/v2\/posts\/67620","targetHints":{"allow":["GET"]}}],"collection":[{"href":"https:\/\/zonaroja.com.mx\/index.php?rest_route=\/wp\/v2\/posts"}],"about":[{"href":"https:\/\/zonaroja.com.mx\/index.php?rest_route=\/wp\/v2\/types\/post"}],"author":[{"embeddable":true,"href":"https:\/\/zonaroja.com.mx\/index.php?rest_route=\/wp\/v2\/users\/2"}],"replies":[{"embeddable":true,"href":"https:\/\/zonaroja.com.mx\/index.php?rest_route=%2Fwp%2Fv2%2Fcomments&post=67620"}],"version-history":[{"count":1,"href":"https:\/\/zonaroja.com.mx\/index.php?rest_route=\/wp\/v2\/posts\/67620\/revisions"}],"predecessor-version":[{"id":67622,"href":"https:\/\/zonaroja.com.mx\/index.php?rest_route=\/wp\/v2\/posts\/67620\/revisions\/67622"}],"wp:featuredmedia":[{"embeddable":true,"href":"https:\/\/zonaroja.com.mx\/index.php?rest_route=\/wp\/v2\/media\/67621"}],"wp:attachment":[{"href":"https:\/\/zonaroja.com.mx\/index.php?rest_route=%2Fwp%2Fv2%2Fmedia&parent=67620"}],"wp:term":[{"taxonomy":"category","embeddable":true,"href":"https:\/\/zonaroja.com.mx\/index.php?rest_route=%2Fwp%2Fv2%2Fcategories&post=67620"},{"taxonomy":"post_tag","embeddable":true,"href":"https:\/\/zonaroja.com.mx\/index.php?rest_route=%2Fwp%2Fv2%2Ftags&post=67620"}],"curies":[{"name":"wp","href":"https:\/\/api.w.org\/{rel}","templated":true}]}}