{"id":67623,"date":"2024-04-25T09:30:00","date_gmt":"2024-04-25T15:30:00","guid":{"rendered":"https:\/\/zonaroja.com.mx\/?p=67623"},"modified":"2024-04-25T06:41:07","modified_gmt":"2024-04-25T12:41:07","slug":"diputados-aprueban-dar-nueva-facultad-de-amnistia-al-presidente-de-mexico","status":"publish","type":"post","link":"https:\/\/zonaroja.com.mx\/?p=67623","title":{"rendered":"Diputados aprueban dar nueva facultad de amnist\u00eda al Presidente de M\u00e9xico"},"content":{"rendered":"\n<p>Redacci\u00f3n\/Zona Roja Cdmx.<\/p>\n\n\n\n<p>Ciudad de M\u00e9xico, a 25 de abril de 2024.- La C\u00e1mara de Diputados aprob\u00f3 con 258 votos a favor y 205 en contra reformas a la Ley de Amnist\u00eda, para otorgar al titular del Poder Ejecutivo Federal la facultad exclusiva de otorgar el beneficio de la amnist\u00eda de manera directa.<\/p>\n\n\n\n<p>Las personas susceptibles de recibir esa amnist\u00eda ser\u00e1n \u201clas que aporten elementos comprobables que resulten \u00fatiles para conocer la verdad de los hechos en casos que sean relevantes para el Estado\u201d, seg\u00fan establece el documento aprobado, que ser\u00e1 remitido al Ejecutivo para que la promulgue y entre en vigor.<\/p>\n\n\n\n<p>La reforma consiste en a\u00f1adir un nuevo art\u00edculo 9 a la Ley de Amnist\u00eda para indicar que \u201cpor determinaci\u00f3n exclusiva de la persona titular del Poder Ejecutivo Federal se podr\u00e1 otorgar el beneficio de la amnist\u00eda de manera directa, sin sujetarse al procedimiento establecido en este ordenamiento, en casos espec\u00edficos que re\u00fanan las siguientes condiciones\u201d.<\/p>\n\n\n\n<p>Estas son, que la amnist\u00eda \u201cse otorgue a personas que aporten elementos comprobables que resulten \u00fatiles para conocer la verdad de los hechos en casos que sean relevantes para el Estado Mexicano\u201d.<\/p>\n\n\n\n<p>La segunda condici\u00f3n es que en contra de las personas amnistiadas que se haya ejercido la acci\u00f3n penal, est\u00e9n siendo procesadas o se encuentren sentenciadas por cualquier delito.<\/p>\n\n\n\n<p>Adem\u00e1s la amnist\u00eda as\u00ed concedida \u201cextinguir\u00e1 las acciones penales y las sanciones impuestas\u201d.<\/p>\n\n\n\n<p>Como ha argumentado el Presidente Andr\u00e9s Manuel L\u00f3pez Obrador, en la discusi\u00f3n Morena expuso que con las enmiendas se busca recibir informaci\u00f3n para esclarecer casos como la desaparici\u00f3n de estudiantes de Ayotzinapa.<\/p>\n\n\n\n<p>Al inicio de la discusi\u00f3n, al presentar el dictamen en nombre de la Comisi\u00f3n de Justicia, el diputado Antonio de Jes\u00fas Madrid, de Morena, asegur\u00f3 que hay muchos casos sin resolver y se\u00f1al\u00f3 a los diputados de oposici\u00f3n de conocer de delitos pero haber hecho \u201cpactos de silencio\u201d.<\/p>\n\n\n\n<p>\u201cAlgunos de ustedes temen ser vinculados\u201d, pero con la reforma podr\u00e1n aportar informaci\u00f3n, y permitir la pacificaci\u00f3n. Y eso no se puede dejar al Poder Judicial pues es corrupto, seg\u00fan dijo.<\/p>\n\n\n\n<p>El tambi\u00e9n morenista Manuel V\u00e1zquez Arellano, quien fue uno de los estudiantes normalistas de Ayotzinapa, asegur\u00f3 que la oposici\u00f3n \u00abdeber\u00eda pedir perd\u00f3n y no justicia \u201c y argument\u00f3 que la reforma no busca sacar de prisi\u00f3n a los criminales sino a quienes puedan esclarecer la verdad en casos en los que se violaron derechos.<\/p>\n\n\n\n<p>En el debate, el legislador de Acci\u00f3n Nacional (PAN), Enrique Gerardo Sosa Guti\u00e9rrez se hizo acompa\u00f1ar de pancartas con la leyenda \u201c#LeyAbrazoAcriminales\u201d y advirti\u00f3 que en un pa\u00eds desangrado \u201cquieren que un solo hombre pueda perdonar cualquier delito a su antojo\u201d, sin respeto a la divisi\u00f3n de poderes y por encima del Legislativo y Judicial .<\/p>\n\n\n\n<p>\u201cLe est\u00e1n entregando al presidente las llaves de la c\u00e1rcel y despu\u00e9s ya nadie se las va a poder quitar\u201d y los mandatarios podr\u00e1n hacer uso pol\u00edtico de esa facultad o liberar a \u201csus compas\u201d delincuentes, alert\u00f3 el panista.<\/p>\n\n\n\n<p>\u201cEn un pa\u00eds donde el narco ya financia campa\u00f1as de muchos de ustedes\u201d hay que limitar esta facultad en el tiempo, \u201cpas\u00e9ennos la aplanadora pero por favor pongamos un l\u00edmite \u2026que dure un a\u00f1o, siete a\u00f1os, pero no eternamente\u201d, pidi\u00f3. No fue atendida su propuesta y tampoco ninguna de las 71 reservas presentadas.<\/p>\n\n\n\n<p>(Informaci\u00f3n de \u201cExpansi\u00f3n Pol\u00edtica\u201d)<\/p>\n","protected":false},"excerpt":{"rendered":"<p>Redacci\u00f3n\/Zona Roja Cdmx. Ciudad de M\u00e9xico, a 25 de abril de 2024.- La C\u00e1mara de&hellip;<\/p>\n","protected":false},"author":2,"featured_media":67624,"comment_status":"closed","ping_status":"open","sticky":false,"template":"","format":"standard","meta":{"_lmt_disableupdate":"","_lmt_disable":"","_jetpack_memberships_contains_paid_content":false,"footnotes":""},"categories":[109,47],"tags":[1042],"class_list":["post-67623","post","type-post","status-publish","format-standard","has-post-thumbnail","hentry","category-minuto-a-minuto","category-zona-gris","tag-camara-de-diputados-federal"],"jetpack_featured_media_url":"https:\/\/zonaroja.com.mx\/wp-content\/uploads\/2024\/04\/Aprueba-Camara-de-Diputados-Ley-de-Amnistia.webp","jetpack_sharing_enabled":true,"_links":{"self":[{"href":"https:\/\/zonaroja.com.mx\/index.php?rest_route=\/wp\/v2\/posts\/67623","targetHints":{"allow":["GET"]}}],"collection":[{"href":"https:\/\/zonaroja.com.mx\/index.php?rest_route=\/wp\/v2\/posts"}],"about":[{"href":"https:\/\/zonaroja.com.mx\/index.php?rest_route=\/wp\/v2\/types\/post"}],"author":[{"embeddable":true,"href":"https:\/\/zonaroja.com.mx\/index.php?rest_route=\/wp\/v2\/users\/2"}],"replies":[{"embeddable":true,"href":"https:\/\/zonaroja.com.mx\/index.php?rest_route=%2Fwp%2Fv2%2Fcomments&post=67623"}],"version-history":[{"count":1,"href":"https:\/\/zonaroja.com.mx\/index.php?rest_route=\/wp\/v2\/posts\/67623\/revisions"}],"predecessor-version":[{"id":67625,"href":"https:\/\/zonaroja.com.mx\/index.php?rest_route=\/wp\/v2\/posts\/67623\/revisions\/67625"}],"wp:featuredmedia":[{"embeddable":true,"href":"https:\/\/zonaroja.com.mx\/index.php?rest_route=\/wp\/v2\/media\/67624"}],"wp:attachment":[{"href":"https:\/\/zonaroja.com.mx\/index.php?rest_route=%2Fwp%2Fv2%2Fmedia&parent=67623"}],"wp:term":[{"taxonomy":"category","embeddable":true,"href":"https:\/\/zonaroja.com.mx\/index.php?rest_route=%2Fwp%2Fv2%2Fcategories&post=67623"},{"taxonomy":"post_tag","embeddable":true,"href":"https:\/\/zonaroja.com.mx\/index.php?rest_route=%2Fwp%2Fv2%2Ftags&post=67623"}],"curies":[{"name":"wp","href":"https:\/\/api.w.org\/{rel}","templated":true}]}}