{"id":67626,"date":"2024-04-25T08:30:00","date_gmt":"2024-04-25T14:30:00","guid":{"rendered":"https:\/\/zonaroja.com.mx\/?p=67626"},"modified":"2024-04-25T07:28:29","modified_gmt":"2024-04-25T13:28:29","slug":"candidatas-y-dirigente-del-pan-de-oaxaca-piden-alto-a-violencia-politica","status":"publish","type":"post","link":"https:\/\/zonaroja.com.mx\/?p=67626","title":{"rendered":"Candidatas y dirigente del PAN de Oaxaca piden alto a violencia pol\u00edtica\u00a0"},"content":{"rendered":"\n<p>Raymundo Morales\/Zona Roja.<\/p>\n\n\n\n<p>Oaxaca de Ju\u00e1rez, Oax., a 25 de abril de 2024.- Candidatas a cargos de representaci\u00f3n popular y la dirigencia estatal del PAN en Oaxaca pidieron un alto a la agresi\u00f3n y violencia pol\u00edtica en contra de las mujeres, en pleno proceso electoral.<\/p>\n\n\n\n<p>Entre los casos expuestos, detallaron el de Esperanza Ram\u00edrez V\u00e1squez, la suplente de la diputada Luisa Cort\u00e9s Carrillo; Ita Ortiz Silva, quien denunci\u00f3 al candidato y actual legislador Benjam\u00edn Robles Montoya, y Elizabeth S\u00e1nchez Gonz\u00e1lez, presidenta del IEEPCO, suspendida de su cargo temporalmente.<\/p>\n\n\n\n<p>La presidenta del partido, Perla Woolrich Fern\u00e1ndez, lament\u00f3 la creciente violencia en contra de las mujeres y en el caso de la titular suspendida en el IEEPCO, consider\u00f3 que los ataques vienen desde el Gobierno del Estado.<\/p>\n\n\n\n<p>Respecto al caso de Claudia Sheinbaum, quien fue interceptada por un grupo armado en Chiapas, dijo que es un montaje del Presidente Andr\u00e9s Manuel L\u00f3pez Obrador para visibilizarla y realzar su campa\u00f1a, pues su figura pol\u00edtica no levanta.<\/p>\n\n\n\n<p>Los casos de violencia fueron expuestos por la candidata al Senado por el PAN, Griselda Galicia, quien ley\u00f3 un posicionamiento en que detall\u00f3 que esta actitud ha afectado a las mujeres tanto en la entidad como en todo el pa\u00eds.<\/p>\n\n\n\n<p>Llam\u00f3 a todos los actores pol\u00edticos a privilegiar el di\u00e1logo y un ambiente de paz para el desarrollo de los comicios sin contratiempos.<\/p>\n\n\n\n<p>Sostuvo que M\u00e9xico atraviesa un momento crucial en su vida democr\u00e1tica y se requiere un \u00f3rgano electoral aut\u00f3nomo, imparcial y fuerte, que d\u00e9 certeza y confianza a la ciudadan\u00eda en cada una de las etapas del proceso comicial.<\/p>\n\n\n\n<p>\u201cDebemos ser sororas y m\u00e1s en el ejercicio de nuestros derechos pol\u00edticos\u201d, expuso durante su participaci\u00f3n en la conferencia de prensa en la sede del PAN.<\/p>\n\n\n\n<p>\u00abTenemos una dif\u00edcil labor, porque si de por s\u00ed el participar en pol\u00edtica para las mujeres ha sido complicada, ser candidata en estos momentos lo es a\u00fan m\u00e1s\u201d, expuso Jarumy M\u00e9ndez, candidata a diputada local por el distrito 15, por la coalici\u00f3n PAN-PRI-PRD.<\/p>\n\n\n\n<p>Destac\u00f3 que la zona por la cual compite electoralmente ha sido considerada como de alto riesgo extremo, por lo cual se ha solicitado las medidas de protecci\u00f3n a Acci\u00f3n Nacional.<\/p>\n\n\n\n<p>No obstante, \u201cexiste una ausencia de mecanismo reales en Oaxaca y en M\u00e9xico para la protecci\u00f3n de las candidatas; lamentablemente la violencia hacia las mujeres se ha normalizado desde el Palacio Nacional\u201d, dijo, en referencia al Presidente Andr\u00e9s Manuel L\u00f3pez Obrador.<\/p>\n\n\n\n<p>A su vez, Adriana G\u00f3mez Hern\u00e1ndez, candidata a diputada por el distrito de Tlacolula, por la acci\u00f3n afirmativa de discapacidad, lament\u00f3 la doble discriminaci\u00f3n que sufren las mujeres en esa condici\u00f3n.<\/p>\n\n\n\n<p>No solamente la violencia en contra de las femeninas en general y sobre todo quienes aspiran a un cargo de representaci\u00f3n popular, sino tambi\u00e9n a quienes forman parte de los grupos vulnerables, cuyos derechos han sido violentados, pese a que han sido garantizados, mediante acciones afirmativas, por parte del Instituto Estatal Electoral y de Participaci\u00f3n Ciudadana de Oaxaca.<\/p>\n","protected":false},"excerpt":{"rendered":"<p>Raymundo Morales\/Zona Roja. Oaxaca de Ju\u00e1rez, Oax., a 25 de abril de 2024.- Candidatas a&hellip;<\/p>\n","protected":false},"author":2,"featured_media":67627,"comment_status":"closed","ping_status":"open","sticky":false,"template":"","format":"standard","meta":{"_lmt_disableupdate":"","_lmt_disable":"","_jetpack_memberships_contains_paid_content":false,"footnotes":""},"categories":[109,47],"tags":[3874],"class_list":["post-67626","post","type-post","status-publish","format-standard","has-post-thumbnail","hentry","category-minuto-a-minuto","category-zona-gris","tag-perla-woolrich"],"jetpack_featured_media_url":"https:\/\/zonaroja.com.mx\/wp-content\/uploads\/2024\/04\/Conferencia-de-prensa-del-PAN.jpg","jetpack_sharing_enabled":true,"_links":{"self":[{"href":"https:\/\/zonaroja.com.mx\/index.php?rest_route=\/wp\/v2\/posts\/67626","targetHints":{"allow":["GET"]}}],"collection":[{"href":"https:\/\/zonaroja.com.mx\/index.php?rest_route=\/wp\/v2\/posts"}],"about":[{"href":"https:\/\/zonaroja.com.mx\/index.php?rest_route=\/wp\/v2\/types\/post"}],"author":[{"embeddable":true,"href":"https:\/\/zonaroja.com.mx\/index.php?rest_route=\/wp\/v2\/users\/2"}],"replies":[{"embeddable":true,"href":"https:\/\/zonaroja.com.mx\/index.php?rest_route=%2Fwp%2Fv2%2Fcomments&post=67626"}],"version-history":[{"count":1,"href":"https:\/\/zonaroja.com.mx\/index.php?rest_route=\/wp\/v2\/posts\/67626\/revisions"}],"predecessor-version":[{"id":67628,"href":"https:\/\/zonaroja.com.mx\/index.php?rest_route=\/wp\/v2\/posts\/67626\/revisions\/67628"}],"wp:featuredmedia":[{"embeddable":true,"href":"https:\/\/zonaroja.com.mx\/index.php?rest_route=\/wp\/v2\/media\/67627"}],"wp:attachment":[{"href":"https:\/\/zonaroja.com.mx\/index.php?rest_route=%2Fwp%2Fv2%2Fmedia&parent=67626"}],"wp:term":[{"taxonomy":"category","embeddable":true,"href":"https:\/\/zonaroja.com.mx\/index.php?rest_route=%2Fwp%2Fv2%2Fcategories&post=67626"},{"taxonomy":"post_tag","embeddable":true,"href":"https:\/\/zonaroja.com.mx\/index.php?rest_route=%2Fwp%2Fv2%2Ftags&post=67626"}],"curies":[{"name":"wp","href":"https:\/\/api.w.org\/{rel}","templated":true}]}}