{"id":67629,"date":"2024-04-25T09:28:00","date_gmt":"2024-04-25T15:28:00","guid":{"rendered":"https:\/\/zonaroja.com.mx\/?p=67629"},"modified":"2024-04-25T07:38:28","modified_gmt":"2024-04-25T13:38:28","slug":"cesa-gobernador-de-oaxaca-a-3-jefes-policiacos-tras-difusion-de-video-con-narcocorrido","status":"publish","type":"post","link":"https:\/\/zonaroja.com.mx\/?p=67629","title":{"rendered":"Cesa gobernador de Oaxaca a 3 jefes policiacos tras difusi\u00f3n de video con \u201cnarcocorrido\u201d"},"content":{"rendered":"\n<p>Ismael Garc\u00eda M.\/Zona Roja.<\/p>\n\n\n\n<p>Oaxaca de Ju\u00e1rez, Oax., a 25 de abril de 2024.- Luego de la difusi\u00f3n de un video para supuestamente honrar a la Unidad Policial de Operaciones Especiales (UPOE) y en el que se hace apolog\u00eda de la violencia mediante un probable \u201cnarcocorrido\u201d, el gobernador de Oaxaca, Salom\u00f3n Jara Cruz, orden\u00f3 anoche el cese de tres mandos policiacos.<\/p>\n\n\n\n<p>\u201cCon relaci\u00f3n con el video que circula en redes sociales sobre la Unidad Policial de Operaciones Especiales, he ordenado una investigaci\u00f3n interna; en tanto se aclare totalmente la situaci\u00f3n, he dado la instrucci\u00f3n de que sean separadas del cargo el director de la UPOE, Rodolfo Moreno Arista; el director de Fuerzas Especiales de Apoyo, Gilberto Hern\u00e1ndez Villarreal, y el comisionado de la Polic\u00eda Estatal, Eduardo Guti\u00e9rrez Ruiz\u201d, dio a conocer a trav\u00e9s de sus redes sociales.<\/p>\n\n\n\n<p>Y es que desde la ma\u00f1ana de ayer se comenz\u00f3 a difundir hasta hacerlo viral, un video grabado por el cantante de \u201cnarcocorridos\u201d Pablo del \u00c1ngel, apodado \u201cEl Oaxaca\u201d, en que se utilizan espacios p\u00fablicos, veh\u00edculos oficiales y polic\u00edas.<\/p>\n\n\n\n<p>El artista es el mismo que compuso una canci\u00f3n para Ovidio Guzm\u00e1n, el hijo de Joaqu\u00edn \u201cEl Chapo\u201d Guzm\u00e1n.<\/p>\n\n\n\n<p>El prop\u00f3sito, supuestamente, enaltecer a la UPOE, en el marco del 23 aniversario de su creaci\u00f3n.<\/p>\n\n\n\n<p>\u201cChalecos antibalas, lanza papas (en referencia a un lanza granadas) y granadas con todo el equipo lista la corporaci\u00f3n, son hombres aguerridos tallados con el tes\u00f3n del \u00e1guila, est\u00e1n preparados para cualquier situaci\u00f3n\u201d, destaca en sus letras la canci\u00f3n.<\/p>\n\n\n\n<p>Entrevistado por el reportero Hugo Velasco, la tarde de ayer y luego de salir de una reuni\u00f3n del Palacio de Gobierno, el titular de la Secretar\u00eda de Seguridad y Protecci\u00f3n Ciudadana de Oaxaca, Iv\u00e1n Garc\u00eda \u00c1lvarez, neg\u00f3 que la producci\u00f3n del video haya tenido la autorizaci\u00f3n de la instituci\u00f3n a su cargo.<\/p>\n\n\n\n<p>Por lo cual, dijo, se orden\u00f3 una investigaci\u00f3n interna y, en su caso, se castigar\u00e1 al o los responsables del presunto \u201cnarcocorrido\u201d.<\/p>\n","protected":false},"excerpt":{"rendered":"<p>Ismael Garc\u00eda M.\/Zona Roja. Oaxaca de Ju\u00e1rez, Oax., a 25 de abril de 2024.- Luego&hellip;<\/p>\n","protected":false},"author":2,"featured_media":67630,"comment_status":"closed","ping_status":"open","sticky":false,"template":"","format":"standard","meta":{"_lmt_disableupdate":"","_lmt_disable":"","_jetpack_memberships_contains_paid_content":false,"footnotes":""},"categories":[109,47],"tags":[984],"class_list":["post-67629","post","type-post","status-publish","format-standard","has-post-thumbnail","hentry","category-minuto-a-minuto","category-zona-gris","tag-policia-estatal-de-oaxaca"],"jetpack_featured_media_url":"https:\/\/zonaroja.com.mx\/wp-content\/uploads\/2024\/04\/Narcocorrido-Oaxaca-Policia-Estatal.avif","jetpack_sharing_enabled":true,"_links":{"self":[{"href":"https:\/\/zonaroja.com.mx\/index.php?rest_route=\/wp\/v2\/posts\/67629","targetHints":{"allow":["GET"]}}],"collection":[{"href":"https:\/\/zonaroja.com.mx\/index.php?rest_route=\/wp\/v2\/posts"}],"about":[{"href":"https:\/\/zonaroja.com.mx\/index.php?rest_route=\/wp\/v2\/types\/post"}],"author":[{"embeddable":true,"href":"https:\/\/zonaroja.com.mx\/index.php?rest_route=\/wp\/v2\/users\/2"}],"replies":[{"embeddable":true,"href":"https:\/\/zonaroja.com.mx\/index.php?rest_route=%2Fwp%2Fv2%2Fcomments&post=67629"}],"version-history":[{"count":1,"href":"https:\/\/zonaroja.com.mx\/index.php?rest_route=\/wp\/v2\/posts\/67629\/revisions"}],"predecessor-version":[{"id":67631,"href":"https:\/\/zonaroja.com.mx\/index.php?rest_route=\/wp\/v2\/posts\/67629\/revisions\/67631"}],"wp:featuredmedia":[{"embeddable":true,"href":"https:\/\/zonaroja.com.mx\/index.php?rest_route=\/wp\/v2\/media\/67630"}],"wp:attachment":[{"href":"https:\/\/zonaroja.com.mx\/index.php?rest_route=%2Fwp%2Fv2%2Fmedia&parent=67629"}],"wp:term":[{"taxonomy":"category","embeddable":true,"href":"https:\/\/zonaroja.com.mx\/index.php?rest_route=%2Fwp%2Fv2%2Fcategories&post=67629"},{"taxonomy":"post_tag","embeddable":true,"href":"https:\/\/zonaroja.com.mx\/index.php?rest_route=%2Fwp%2Fv2%2Ftags&post=67629"}],"curies":[{"name":"wp","href":"https:\/\/api.w.org\/{rel}","templated":true}]}}