{"id":67635,"date":"2024-04-25T12:30:00","date_gmt":"2024-04-25T18:30:00","guid":{"rendered":"https:\/\/zonaroja.com.mx\/?p=67635"},"modified":"2024-04-25T08:03:11","modified_gmt":"2024-04-25T14:03:11","slug":"matan-a-joven-en-juchitan-y-a-un-policia-en-la-mixteca","status":"publish","type":"post","link":"https:\/\/zonaroja.com.mx\/?p=67635","title":{"rendered":"Matan a joven en Juchit\u00e1n y a un polic\u00eda en la Mixteca"},"content":{"rendered":"\n<p>Raymundo Morales\/Zona Roja.<\/p>\n\n\n\n<p>Oaxaca de Ju\u00e1rez, Oax., a 25 de abril de 2024.- Un joven, presuntamente con antecedentes penales, perdi\u00f3 la vida anoche, tras ser agredido a balazos ayer en Juchit\u00e1n de Zaragoza, municipio de la regi\u00f3n del Istmo.<\/p>\n\n\n\n<p>Fue la tarde de ayer en la calle 2 de Noviembre de la S\u00e9ptima Secci\u00f3n en que sujetos desconocidos dispararon en contra de Aldair J. J., de 21 a\u00f1os de edad.<\/p>\n\n\n\n<p>Fue trasladado de inmediato por param\u00e9dicos al hospital \u201cDr. Macedonio Ben\u00edtez Fuentes\u201d, donde perdi\u00f3 la vida horas m\u00e1s tarde, debido a la gravedad de las lesiones.<\/p>\n\n\n\n<p>Seg\u00fan medios informativos de la regi\u00f3n del Istmo, como \u201c50 Bravo\u201d, este joven hab\u00eda participado en asaltos a tiendas de conveniencia en la zona.<\/p>\n\n\n\n<p>EN HUAJUAPAN<\/p>\n\n\n\n<p>Por otra parte, a un costado de la carretea que conduce de Huajuapan de Le\u00f3n al municipio de Santo Domingo Tonal\u00e1, fue hallado un cuerpo con vida, con varios impactos de arma de fuego; fue trasladado a un hospital, donde se confirm\u00f3 su deceso.<\/p>\n\n\n\n<p>Tras el levantamiento, se confirm\u00f3 que se trata de un elemento de la polic\u00eda municipal de Huajuapan, identificado como Oswaldo A. L., de 32 a\u00f1os de edad, de quien se desconoce la forma en que fue plagiado y ultimado.<\/p>\n\n\n\n<p>Personal de la Vicefiscal\u00eda Regional de la Mixteca inici\u00f3 las indagatorias correspondientes para dar con el o los responsables del crimen.<\/p>\n","protected":false},"excerpt":{"rendered":"<p>Raymundo Morales\/Zona Roja. Oaxaca de Ju\u00e1rez, Oax., a 25 de abril de 2024.- Un joven,&hellip;<\/p>\n","protected":false},"author":2,"featured_media":65347,"comment_status":"closed","ping_status":"open","sticky":false,"template":"","format":"standard","meta":{"_lmt_disableupdate":"","_lmt_disable":"","_jetpack_memberships_contains_paid_content":false,"footnotes":""},"categories":[109,47],"tags":[123],"class_list":["post-67635","post","type-post","status-publish","format-standard","has-post-thumbnail","hentry","category-minuto-a-minuto","category-zona-gris","tag-juchitan-de-zaragoza"],"jetpack_featured_media_url":"https:\/\/zonaroja.com.mx\/wp-content\/uploads\/2024\/02\/Escena-asesinato-homicidio-crimen.jpeg.webp","jetpack_sharing_enabled":true,"_links":{"self":[{"href":"https:\/\/zonaroja.com.mx\/index.php?rest_route=\/wp\/v2\/posts\/67635","targetHints":{"allow":["GET"]}}],"collection":[{"href":"https:\/\/zonaroja.com.mx\/index.php?rest_route=\/wp\/v2\/posts"}],"about":[{"href":"https:\/\/zonaroja.com.mx\/index.php?rest_route=\/wp\/v2\/types\/post"}],"author":[{"embeddable":true,"href":"https:\/\/zonaroja.com.mx\/index.php?rest_route=\/wp\/v2\/users\/2"}],"replies":[{"embeddable":true,"href":"https:\/\/zonaroja.com.mx\/index.php?rest_route=%2Fwp%2Fv2%2Fcomments&post=67635"}],"version-history":[{"count":1,"href":"https:\/\/zonaroja.com.mx\/index.php?rest_route=\/wp\/v2\/posts\/67635\/revisions"}],"predecessor-version":[{"id":67636,"href":"https:\/\/zonaroja.com.mx\/index.php?rest_route=\/wp\/v2\/posts\/67635\/revisions\/67636"}],"wp:featuredmedia":[{"embeddable":true,"href":"https:\/\/zonaroja.com.mx\/index.php?rest_route=\/wp\/v2\/media\/65347"}],"wp:attachment":[{"href":"https:\/\/zonaroja.com.mx\/index.php?rest_route=%2Fwp%2Fv2%2Fmedia&parent=67635"}],"wp:term":[{"taxonomy":"category","embeddable":true,"href":"https:\/\/zonaroja.com.mx\/index.php?rest_route=%2Fwp%2Fv2%2Fcategories&post=67635"},{"taxonomy":"post_tag","embeddable":true,"href":"https:\/\/zonaroja.com.mx\/index.php?rest_route=%2Fwp%2Fv2%2Ftags&post=67635"}],"curies":[{"name":"wp","href":"https:\/\/api.w.org\/{rel}","templated":true}]}}