{"id":67637,"date":"2024-04-25T13:30:00","date_gmt":"2024-04-25T19:30:00","guid":{"rendered":"https:\/\/zonaroja.com.mx\/?p=67637"},"modified":"2024-04-25T08:06:35","modified_gmt":"2024-04-25T14:06:35","slug":"condena-la-iglesia-catolica-uso-de-la-santa-muerte-por-parte-de-morena","status":"publish","type":"post","link":"https:\/\/zonaroja.com.mx\/?p=67637","title":{"rendered":"Condena la iglesia Cat\u00f3lica uso de la santa muerte por parte de Morena"},"content":{"rendered":"\n<p>Redacci\u00f3n\/Zona Roja Cdmx.<\/p>\n\n\n\n<p>Ciudad de M\u00e9xico, a 25 de abril de 2025.- La Iglesia Cat\u00f3lica conden\u00f3 el uso de la imagen de la Santa Muerte en propaganda difundida en redes sociales, e hizo un llamado a la paz y al rechazo de la violencia.<\/p>\n\n\n\n<p>Manifest\u00f3 su preocupaci\u00f3n por la implementaci\u00f3n de una cultura de muerte y violencia a trav\u00e9s de la \u201cnarcocultura\u201d que se difunde en redes sociales.<\/p>\n\n\n\n<p>\u201cIm\u00e1genes violentas, cultos distorsionados como el de la Santa Muerte y amedrentamientos digitales. Esta propagaci\u00f3n de contenido da\u00f1ino est\u00e1 distorsionando los valores fundamentales que nos han caracterizado como naci\u00f3n y erosionando el tejido social\u201d, se\u00f1al\u00f3 en un comunicado.<\/p>\n\n\n\n<p>La Iglesia denunci\u00f3 as\u00ed la glorificaci\u00f3n de la violencia y exhort\u00f3 a todos los sectores de la sociedad a unirse en rechazo a pr\u00e1cticas destructivas.<\/p>\n\n\n\n<p>\u201cHacemos un llamado a una profunda conversi\u00f3n de los corazones y optar por un cambio radical, pasando de una cultura de muerte a una cultura propia de la Civilizaci\u00f3n del Amor\u201d, insisti\u00f3.<\/p>\n\n\n\n<p>El pronunciamiento de la Conferencia del Episcopado Mexicano ocurre despu\u00e9s de que Morena desatara la pol\u00e9mica al publicar una playera con la imagen de la Santa Muerte y la leyenda \u201cUn verdadero hombre nunca habla mal de L\u00f3pez Obrador\u201d.<\/p>\n\n\n\n<p>Al respecto, el Presidente Andr\u00e9s Manuel L\u00f3pez Obrador defendi\u00f3 la \u201clibertad religiosa\u201d y se dijo respetuoso de las manifestaciones ciudadanas.<\/p>\n\n\n\n<p>En este pa\u00eds somos libres de tener la religi\u00f3n que m\u00e1s se apegue a nuestra fe y tambi\u00e9n somos libres para no tener religi\u00f3n y debemos ser respetuosos de creyentes y no creyentes, eso es el Estado laico. Libertad religiosa\u201d, expuso.<\/p>\n\n\n\n<p>(Con informaci\u00f3n de L\u00f3pez-D\u00f3riga Digital)<\/p>\n","protected":false},"excerpt":{"rendered":"<p>Redacci\u00f3n\/Zona Roja Cdmx. Ciudad de M\u00e9xico, a 25 de abril de 2025.- La Iglesia Cat\u00f3lica&hellip;<\/p>\n","protected":false},"author":2,"featured_media":67638,"comment_status":"closed","ping_status":"open","sticky":false,"template":"","format":"standard","meta":{"_lmt_disableupdate":"","_lmt_disable":"","_jetpack_memberships_contains_paid_content":false,"footnotes":""},"categories":[109,47],"tags":[],"class_list":["post-67637","post","type-post","status-publish","format-standard","has-post-thumbnail","hentry","category-minuto-a-minuto","category-zona-gris"],"jetpack_featured_media_url":"https:\/\/zonaroja.com.mx\/wp-content\/uploads\/2024\/04\/PLayera-Santa-Muerte-Lopez-Obrador.jpg.webp","jetpack_sharing_enabled":true,"_links":{"self":[{"href":"https:\/\/zonaroja.com.mx\/index.php?rest_route=\/wp\/v2\/posts\/67637","targetHints":{"allow":["GET"]}}],"collection":[{"href":"https:\/\/zonaroja.com.mx\/index.php?rest_route=\/wp\/v2\/posts"}],"about":[{"href":"https:\/\/zonaroja.com.mx\/index.php?rest_route=\/wp\/v2\/types\/post"}],"author":[{"embeddable":true,"href":"https:\/\/zonaroja.com.mx\/index.php?rest_route=\/wp\/v2\/users\/2"}],"replies":[{"embeddable":true,"href":"https:\/\/zonaroja.com.mx\/index.php?rest_route=%2Fwp%2Fv2%2Fcomments&post=67637"}],"version-history":[{"count":1,"href":"https:\/\/zonaroja.com.mx\/index.php?rest_route=\/wp\/v2\/posts\/67637\/revisions"}],"predecessor-version":[{"id":67639,"href":"https:\/\/zonaroja.com.mx\/index.php?rest_route=\/wp\/v2\/posts\/67637\/revisions\/67639"}],"wp:featuredmedia":[{"embeddable":true,"href":"https:\/\/zonaroja.com.mx\/index.php?rest_route=\/wp\/v2\/media\/67638"}],"wp:attachment":[{"href":"https:\/\/zonaroja.com.mx\/index.php?rest_route=%2Fwp%2Fv2%2Fmedia&parent=67637"}],"wp:term":[{"taxonomy":"category","embeddable":true,"href":"https:\/\/zonaroja.com.mx\/index.php?rest_route=%2Fwp%2Fv2%2Fcategories&post=67637"},{"taxonomy":"post_tag","embeddable":true,"href":"https:\/\/zonaroja.com.mx\/index.php?rest_route=%2Fwp%2Fv2%2Ftags&post=67637"}],"curies":[{"name":"wp","href":"https:\/\/api.w.org\/{rel}","templated":true}]}}