{"id":6764,"date":"2019-12-18T08:30:38","date_gmt":"2019-12-18T14:30:38","guid":{"rendered":"http:\/\/www.zonaroja.com.mx\/?p=6764"},"modified":"2019-12-18T08:30:43","modified_gmt":"2019-12-18T14:30:43","slug":"senadora-pide-apoyo-a-comision-de-victimas-para-saxofonista-agredida-con-acido","status":"publish","type":"post","link":"https:\/\/zonaroja.com.mx\/?p=6764","title":{"rendered":"Senadora pide apoyo a Comisi\u00f3n de V\u00edctimas para saxofonista agredida con \u00e1cido"},"content":{"rendered":"\n<p>Redacci\u00f3n\/Zona Roja Cdmx.<\/p>\n\n\n\n<p>Ciudad de M\u00e9xico, 18 de diciembre de\n2019.- Mar\u00eda Elena R\u00edos Ortiz, quien fue atacada con \u00e1cido el 9 de septiembre\nen su natal Huajuapan de Le\u00f3n, Oaxaca, deber\u00eda recibir el apoyo de la Comisi\u00f3n\nEjecutiva para la Atenci\u00f3n de V\u00edctimas (CEAV), consider\u00f3 la senadora Kenia\nL\u00f3pez Rabad\u00e1n.<\/p>\n\n\n\n<p>Ello, explic\u00f3 la presidenta de la\nComisi\u00f3n de Derechos Humanos del Senado, porque en el estado de Oaxaca no\nexiste una Comisi\u00f3n Estatal de V\u00edctimas.<\/p>\n\n\n\n<p>\u201cSolicitamos evaluar y otorgar las\nmedidas de ayuda inmediata, como traslado, alojamiento y alimentaci\u00f3n, entre\notros\u201d, a\u00f1adi\u00f3 la legisladora del Partido Acci\u00f3n Nacional (PAN).<\/p>\n\n\n\n<p>Record\u00f3 que el presidente Andr\u00e9s Manuel\nL\u00f3pez Obrador conoci\u00f3 del caso el 6 de octubre pasado, cuando realiz\u00f3 una gira\npor Oaxaca y en ese momento Silvia R\u00edos, hermana de la saxofonista, le solicit\u00f3\nayuda para Mar\u00eda Elena y \u00e9ste se comprometi\u00f3 p\u00fablicamente de que se le\nbrindar\u00eda atenci\u00f3n m\u00e9dica, e inform\u00f3 que este lunes se dio a conocer una carta\ndirigida al mandatario.<\/p>\n\n\n\n<p>\u201cSilvia R\u00edos solicita nuevamente el apoyo\ndel Ejecutivo federal para que su gobierno asuma el costo de las intervenciones\nm\u00e9dicas y del tratamiento, as\u00ed como la exigencia de que la Fiscal\u00eda General del\nEstado realice una investigaci\u00f3n transparente y profunda para la captura y\npresentaci\u00f3n de los responsables\u201d, precis\u00f3 la legisladora.<\/p>\n\n\n\n<p>Coment\u00f3 que lo anterior es muy\nimportante, porque no hay en la entidad una instituci\u00f3n que eval\u00fae la situaci\u00f3n\nde la joven, por lo que solicit\u00f3 que se eval\u00fae y otorguen las medidas de ayuda\ninmediata, as\u00ed como protecci\u00f3n y asesor\u00eda jur\u00eddica a Mar\u00eda Elena R\u00edos como\nv\u00edctima directa y de Silvia R\u00edos como v\u00edctima indirecta, as\u00ed como solicitar la\nreparaci\u00f3n integral del da\u00f1o por las violaciones graves a sus derechos humanos.<\/p>\n\n\n\n<p>(Con informaci\u00f3n de la agencia Notimex)<\/p>\n","protected":false},"excerpt":{"rendered":"<p>Redacci\u00f3n\/Zona Roja Cdmx. Ciudad de M\u00e9xico, 18 de diciembre de 2019.- Mar\u00eda Elena R\u00edos Ortiz,&hellip;<\/p>\n","protected":false},"author":2,"featured_media":6632,"comment_status":"closed","ping_status":"open","sticky":false,"template":"","format":"standard","meta":{"_lmt_disableupdate":"","_lmt_disable":"","_jetpack_memberships_contains_paid_content":false,"footnotes":""},"categories":[109,51],"tags":[1124],"class_list":["post-6764","post","type-post","status-publish","format-standard","has-post-thumbnail","hentry","category-minuto-a-minuto","category-zona-roja","tag-maria-elena-rios-ortiz"],"jetpack_featured_media_url":"https:\/\/zonaroja.com.mx\/wp-content\/uploads\/2019\/12\/Mar\u00eda-Elena-R\u00edos3.jpg","jetpack_sharing_enabled":true,"_links":{"self":[{"href":"https:\/\/zonaroja.com.mx\/index.php?rest_route=\/wp\/v2\/posts\/6764","targetHints":{"allow":["GET"]}}],"collection":[{"href":"https:\/\/zonaroja.com.mx\/index.php?rest_route=\/wp\/v2\/posts"}],"about":[{"href":"https:\/\/zonaroja.com.mx\/index.php?rest_route=\/wp\/v2\/types\/post"}],"author":[{"embeddable":true,"href":"https:\/\/zonaroja.com.mx\/index.php?rest_route=\/wp\/v2\/users\/2"}],"replies":[{"embeddable":true,"href":"https:\/\/zonaroja.com.mx\/index.php?rest_route=%2Fwp%2Fv2%2Fcomments&post=6764"}],"version-history":[{"count":1,"href":"https:\/\/zonaroja.com.mx\/index.php?rest_route=\/wp\/v2\/posts\/6764\/revisions"}],"predecessor-version":[{"id":6765,"href":"https:\/\/zonaroja.com.mx\/index.php?rest_route=\/wp\/v2\/posts\/6764\/revisions\/6765"}],"wp:featuredmedia":[{"embeddable":true,"href":"https:\/\/zonaroja.com.mx\/index.php?rest_route=\/wp\/v2\/media\/6632"}],"wp:attachment":[{"href":"https:\/\/zonaroja.com.mx\/index.php?rest_route=%2Fwp%2Fv2%2Fmedia&parent=6764"}],"wp:term":[{"taxonomy":"category","embeddable":true,"href":"https:\/\/zonaroja.com.mx\/index.php?rest_route=%2Fwp%2Fv2%2Fcategories&post=6764"},{"taxonomy":"post_tag","embeddable":true,"href":"https:\/\/zonaroja.com.mx\/index.php?rest_route=%2Fwp%2Fv2%2Ftags&post=6764"}],"curies":[{"name":"wp","href":"https:\/\/api.w.org\/{rel}","templated":true}]}}