{"id":67644,"date":"2024-04-25T16:38:50","date_gmt":"2024-04-25T22:38:50","guid":{"rendered":"https:\/\/zonaroja.com.mx\/?p=67644"},"modified":"2024-04-25T16:38:52","modified_gmt":"2024-04-25T22:38:52","slug":"con-morena-compromiso-con-lealtad-y-valores-antonino-morales","status":"publish","type":"post","link":"https:\/\/zonaroja.com.mx\/?p=67644","title":{"rendered":"Con Morena, compromiso con lealtad y valores: Antonino Morales"},"content":{"rendered":"\n<p>Raymundo Morales\/Zona Roja.<\/p>\n\n\n\n<p>Oaxaca de Ju\u00e1rez, Oax., a 25 de abril de 2024.- \u00abEn mi partido pol\u00edtico, Morena, est\u00e1 mi lealtad con los principios y valores que la fundaron, y mi compromiso siempre con el pueblo\u00bb, asever\u00f3 Antonino Morales, candidato al Senado de la Rep\u00fablica por Oaxaca.<\/p>\n\n\n\n<p>Durane encuentros con cientos de militantes y simpatizantes de la regi\u00f3n Sierra Sur del estado, el aspirante a la C\u00e1mara alta del pa\u00eds sostuvo que su partido pol\u00edtico la conforman hombres y mujeres leales y comprometidos con la transformaci\u00f3n y que reconocen en la doctora Claudia Sheinbaum Pardo, a la mujer l\u00edder con la capacidad de consolidar el movimiento que naci\u00f3 de la esperanza.<\/p>\n\n\n\n<p>El joven ind\u00edgena y fundador del partido guinda, exalt\u00f3 que los principios y valores de Morena, como no mentir, no robar y no traicionar al pueblo, la aplican d\u00eda con d\u00eda, las y los verdaderos militantes comprometidos con la aut\u00e9ntica transformaci\u00f3n.<\/p>\n\n\n\n<p>En sus redes sociales, el candidato morenista, hablante de su lengua materna el zapoteco, dio a conocer la visita que realiz\u00f3 como parte de su campa\u00f1a a la poblaci\u00f3n de Santa Cruz Xitla, en la Sierra Sur, de Oaxaca, en donde dijo, pudo constatar que una vez m\u00e1s el pueblo sabio, sabe distinguir a los verdaderos aliados del movimiento transformador.<\/p>\n\n\n\n<p>Nino Morales particip\u00f3 en un mitin pol\u00edtico junto a Issac L\u00f3pez, candidato a diputado local por el distrito 24, y Carmelo Cruz Mendoza, candidato a diputado federal.<\/p>\n\n\n\n<p>Los tres aspirantes a una representaci\u00f3n popular, coincidieron en seguir fortaleciendo los valores y principios del movimiento que naci\u00f3 de la esperanza para consolidar bienestar en los pueblos.<\/p>\n\n\n\n<p>SEMBRANDO VIDA<\/p>\n\n\n\n<p>Por otra parte, en San Miguel Alo\u00e1pam, Nino Morales asegur\u00f3 que el programa &nbsp;Sembrando Vida, quedar\u00e1 plasmado en nuestra Constituci\u00f3n, durante un mitin pol\u00edtico que encabez\u00f3, &nbsp;en este municipio ubicado en la Sierra Ju\u00e1rez del estado.<\/p>\n\n\n\n<p>Al hacer un llamado a sus hermanas y hermanos ind\u00edgenas a continuar por la ruta correcta de la Cuarta Transformaci\u00f3n, el joven pol\u00edtico fundador de Morena manifest\u00f3 que que como nunca antes se est\u00e1 invirtiendo en programas sociales que benefician a toda la poblaci\u00f3n.<\/p>\n\n\n\n<p>Destac\u00f3 la importancia de que los programas sociales que han beneficiado a millones de mexicanas y mexicanos sean un derecho constitucional, al tiempo de indicar que esto se lograr\u00e1 cuando la doctora Claudia Sheinbaum Pardo, sea la pr\u00f3xima Presidenta de M\u00e9xico y el Congreso de la Uni\u00f3n, est\u00e9 representado por mujeres y hombres leales con la transformaci\u00f3n.<\/p>\n","protected":false},"excerpt":{"rendered":"<p>Raymundo Morales\/Zona Roja. Oaxaca de Ju\u00e1rez, Oax., a 25 de abril de 2024.- \u00abEn mi&hellip;<\/p>\n","protected":false},"author":2,"featured_media":67643,"comment_status":"closed","ping_status":"open","sticky":false,"template":"","format":"standard","meta":{"_lmt_disableupdate":"","_lmt_disable":"","_jetpack_memberships_contains_paid_content":false,"footnotes":""},"categories":[109,46],"tags":[180],"class_list":["post-67644","post","type-post","status-publish","format-standard","has-post-thumbnail","hentry","category-minuto-a-minuto","category-zona-blanca","tag-antonino-morales-toledo"],"jetpack_featured_media_url":"https:\/\/zonaroja.com.mx\/wp-content\/uploads\/2024\/04\/Antonino-Morales-eventos-campana.jpeg","jetpack_sharing_enabled":true,"_links":{"self":[{"href":"https:\/\/zonaroja.com.mx\/index.php?rest_route=\/wp\/v2\/posts\/67644","targetHints":{"allow":["GET"]}}],"collection":[{"href":"https:\/\/zonaroja.com.mx\/index.php?rest_route=\/wp\/v2\/posts"}],"about":[{"href":"https:\/\/zonaroja.com.mx\/index.php?rest_route=\/wp\/v2\/types\/post"}],"author":[{"embeddable":true,"href":"https:\/\/zonaroja.com.mx\/index.php?rest_route=\/wp\/v2\/users\/2"}],"replies":[{"embeddable":true,"href":"https:\/\/zonaroja.com.mx\/index.php?rest_route=%2Fwp%2Fv2%2Fcomments&post=67644"}],"version-history":[{"count":1,"href":"https:\/\/zonaroja.com.mx\/index.php?rest_route=\/wp\/v2\/posts\/67644\/revisions"}],"predecessor-version":[{"id":67645,"href":"https:\/\/zonaroja.com.mx\/index.php?rest_route=\/wp\/v2\/posts\/67644\/revisions\/67645"}],"wp:featuredmedia":[{"embeddable":true,"href":"https:\/\/zonaroja.com.mx\/index.php?rest_route=\/wp\/v2\/media\/67643"}],"wp:attachment":[{"href":"https:\/\/zonaroja.com.mx\/index.php?rest_route=%2Fwp%2Fv2%2Fmedia&parent=67644"}],"wp:term":[{"taxonomy":"category","embeddable":true,"href":"https:\/\/zonaroja.com.mx\/index.php?rest_route=%2Fwp%2Fv2%2Fcategories&post=67644"},{"taxonomy":"post_tag","embeddable":true,"href":"https:\/\/zonaroja.com.mx\/index.php?rest_route=%2Fwp%2Fv2%2Ftags&post=67644"}],"curies":[{"name":"wp","href":"https:\/\/api.w.org\/{rel}","templated":true}]}}