{"id":67648,"date":"2024-05-02T15:31:37","date_gmt":"2024-05-02T21:31:37","guid":{"rendered":"https:\/\/zonaroja.com.mx\/?p=67648"},"modified":"2024-05-02T15:34:29","modified_gmt":"2024-05-02T21:34:29","slug":"periodistas-oaxaquenos-participan-en-la-tercera-bienal-de-periodismo-en-yucatan","status":"publish","type":"post","link":"https:\/\/zonaroja.com.mx\/?p=67648","title":{"rendered":"Periodistas oaxaque\u00f1os participan en la Tercera Bienal de Periodismo en Yucat\u00e1n\u00a0"},"content":{"rendered":"\n<p>Redacci\u00f3n\/Zona Roja.<\/p>\n\n\n\n<p>M\u00e9rida, Yucat\u00e1n.- Integrantes de la Asociaci\u00f3n de Periodistas de Informaci\u00f3n Policiaca (APIP) de Oaxaca participaron en la Tercera Bienal de Periodismo \u201cDi\u00e1logos por la Democracia\u201d, donde especialistas en la defensa de la libertad de expresi\u00f3n expusieron los retos y desaf\u00edos que enfrenta el periodismo en M\u00e9xico.<\/p>\n\n\n\n<p>El evento, que tuvo lugar en el Centro de Convenciones Siglo XXI, de esta ciudad, se convirti\u00f3 en un espacio de reflexi\u00f3n y an\u00e1lisis sobre el estado actual del periodismo en nuestro pa\u00eds.<\/p>\n\n\n\n<p>En la tTercera Bienal del periodismo convocada por el Foro Nacional de Periodistas y Comunicadores participaron los periodistas oaxaque\u00f1os Tom\u00e1s Mart\u00ednez Ju\u00e1rez, Jorge P\u00e9rez Velasco, Floriberto Santos Santos, Yolanda P\u00e9rez Ojeda y el fot\u00f3grafo Otniel Cruz Solano, as\u00ed como comunicadores de diversas partes del pa\u00eds y estudiantes.<\/p>\n\n\n\n<p>El encuentro cont\u00f3 con la participaci\u00f3n destacada de figuras como Ricardo Trotti de la Sociedad Interamericana de Prensa (SIP) y Gonzalo Lea\u00f1o Reyes, presidente de la Asociaci\u00f3n Mexicana de Editores (AME), y otros l\u00edderes del \u00e1mbito period\u00edstico y comunicativo nacional.<\/p>\n\n\n\n<p>Uno de los momentos m\u00e1s significativos del evento fue la ponencia del presidente del Foro Nacional de Periodistas, Rafael Cano Franco, quien alert\u00f3 sobre las serias amenazas que enfrenta el periodismo en M\u00e9xico.&nbsp;<\/p>\n\n\n\n<p>Cano Franco hizo hincapi\u00e9 en los peligros provenientes de grupos del crimen organizado, as\u00ed como del estado y los partidos pol\u00edticos, subrayando los efectos negativos que estas amenazas han tenido en la pr\u00e1ctica period\u00edstica en todo el pa\u00eds.<\/p>\n\n\n\n<p>En esta actividad, Roberto Ojeda asumi\u00f3 la presidencia del Cap\u00edtulo Yucat\u00e1n del Foro Nacional de Periodistas y Comunicadores, reafirmando el compromiso de los periodistas con la sociedad y la verdad en la informaci\u00f3n.<\/p>\n\n\n\n<p>El encuentro culmin\u00f3 con una conferencia especial a cargo del youtuber mexicano Chumel Torres, con lo que finaliz\u00f3 esta importante cita period\u00edstica que busca fortalecer la democracia y el ejercicio responsable del periodismo en M\u00e9xico.<\/p>\n","protected":false},"excerpt":{"rendered":"<p>Redacci\u00f3n\/Zona Roja. M\u00e9rida, Yucat\u00e1n.- Integrantes de la Asociaci\u00f3n de Periodistas de Informaci\u00f3n Policiaca (APIP) de&hellip;<\/p>\n","protected":false},"author":2,"featured_media":67907,"comment_status":"closed","ping_status":"open","sticky":false,"template":"","format":"standard","meta":{"_lmt_disableupdate":"","_lmt_disable":"","_jetpack_memberships_contains_paid_content":false,"footnotes":""},"categories":[109,46],"tags":[521],"class_list":["post-67648","post","type-post","status-publish","format-standard","has-post-thumbnail","hentry","category-minuto-a-minuto","category-zona-blanca","tag-periodistas"],"jetpack_featured_media_url":"https:\/\/zonaroja.com.mx\/wp-content\/uploads\/2024\/05\/Periodistas-policiaca-Yucatan.jpg","jetpack_sharing_enabled":true,"_links":{"self":[{"href":"https:\/\/zonaroja.com.mx\/index.php?rest_route=\/wp\/v2\/posts\/67648","targetHints":{"allow":["GET"]}}],"collection":[{"href":"https:\/\/zonaroja.com.mx\/index.php?rest_route=\/wp\/v2\/posts"}],"about":[{"href":"https:\/\/zonaroja.com.mx\/index.php?rest_route=\/wp\/v2\/types\/post"}],"author":[{"embeddable":true,"href":"https:\/\/zonaroja.com.mx\/index.php?rest_route=\/wp\/v2\/users\/2"}],"replies":[{"embeddable":true,"href":"https:\/\/zonaroja.com.mx\/index.php?rest_route=%2Fwp%2Fv2%2Fcomments&post=67648"}],"version-history":[{"count":1,"href":"https:\/\/zonaroja.com.mx\/index.php?rest_route=\/wp\/v2\/posts\/67648\/revisions"}],"predecessor-version":[{"id":67904,"href":"https:\/\/zonaroja.com.mx\/index.php?rest_route=\/wp\/v2\/posts\/67648\/revisions\/67904"}],"wp:featuredmedia":[{"embeddable":true,"href":"https:\/\/zonaroja.com.mx\/index.php?rest_route=\/wp\/v2\/media\/67907"}],"wp:attachment":[{"href":"https:\/\/zonaroja.com.mx\/index.php?rest_route=%2Fwp%2Fv2%2Fmedia&parent=67648"}],"wp:term":[{"taxonomy":"category","embeddable":true,"href":"https:\/\/zonaroja.com.mx\/index.php?rest_route=%2Fwp%2Fv2%2Fcategories&post=67648"},{"taxonomy":"post_tag","embeddable":true,"href":"https:\/\/zonaroja.com.mx\/index.php?rest_route=%2Fwp%2Fv2%2Ftags&post=67648"}],"curies":[{"name":"wp","href":"https:\/\/api.w.org\/{rel}","templated":true}]}}