{"id":67649,"date":"2024-04-25T20:25:18","date_gmt":"2024-04-26T02:25:18","guid":{"rendered":"https:\/\/zonaroja.com.mx\/?p=67649"},"modified":"2024-04-25T20:25:20","modified_gmt":"2024-04-26T02:25:20","slug":"sentencian-a-otros-dos-por-asesinato-de-tomas-martinez-del-fpr","status":"publish","type":"post","link":"https:\/\/zonaroja.com.mx\/?p=67649","title":{"rendered":"Sentencian a otros dos, por asesinato de Tom\u00e1s Mart\u00ednez, del FPR"},"content":{"rendered":"\n<p>Raymundo Morales\/Zona Roja.<\/p>\n\n\n\n<p>Oaxaca de Ju\u00e1rez, Oax., a 25 de abril de 2024.- La Fiscal\u00eda General del Estado de Oaxaca logr\u00f3 sentencia condenatoria en contra de otras dos personas acusadas de asesinar a Tom\u00e1s Mart\u00ednez, dirigente regional del Frente Popular Revolucionario (FPR), hace tres a\u00f1os ocho meses.<\/p>\n\n\n\n<p>Ello lo confirm\u00f3 la organizaci\u00f3n social que, asegur\u00f3, es resultado de su lucha social para exigir justicia; con estos, suman tres personas sentenciadas por este crimen ocurrido el 24 de agosto del a\u00f1o 2020, en jurisdicci\u00f3n del municipio de San Agust\u00edn de las Juntas, conurbado a la capital.<\/p>\n\n\n\n<p>\u201cInformamos que hace unos minutos (de ayer) el equipo jur\u00eddico nos ha comunicado que en el caso del segundo y tercer implicado en el asesinato del compa\u00f1ero Tom\u00e1s, el fallo es condenatorio y estamos en espera de la lectura de la sentencia y el juez decida cu\u00e1ntos a\u00f1os de prisi\u00f3n les impondr\u00e1.<\/p>\n\n\n\n<p>\ufeff\ufeff\u201dEsto significa una victoria para nuestras bases que se han movilizado en la exigencia de justicia para el camarada, y tambi\u00e9n esta victoria la compartimos con las organizaciones sociales, activistas y defensores quienes nos han acompa\u00f1ado en esta exigencia.<\/p>\n\n\n\n<p>\u201c\ufeff\ufeffSin embargo a tres a\u00f1os y ochos meses del asesinato del camarada Tom\u00e1s Mart\u00ednez, nuestra lucha contin\u00faa pues no descansaremos hasta ver tras las rejas a los autores intelectuales de este crimen de Estado\u201d, se\u00f1al\u00f3 el FPR en un comunicado.<\/p>\n\n\n\n<p>Demand\u00f3 a la vez al Poder Judicial del Estado que se les imponga la pena m\u00e1xima a las dos personas sentenciadas, \u00abpor el atroz homicidio cometido\u201d contra el dirigente regional de la organizaci\u00f3n en la Sierra Sur.<\/p>\n\n\n\n<p>\u201cPasar el resto de sus d\u00edas tras las rejas ser\u00e1 insuficiente para reparar el da\u00f1o que han ocasionado al movimiento social por la muerte del caudillo\u201d, remarc\u00f3.<\/p>\n\n\n\n<p>Expuso tambi\u00e9n su preocupaci\u00f3n \u201cque en el marco del proceso electoral, en Oaxaca se ha incrementado de manera exhorbitante la violencia; en procesos anteriores hemos enfatizado que el movimiento social debe estar alerta ante cualquier intento de agresi\u00f3n pues estas coyunturas han servido para agredir a dirigentes sociales, defensores de la tierra y periodistas\u201d.<\/p>\n","protected":false},"excerpt":{"rendered":"<p>Raymundo Morales\/Zona Roja. Oaxaca de Ju\u00e1rez, Oax., a 25 de abril de 2024.- La Fiscal\u00eda&hellip;<\/p>\n","protected":false},"author":2,"featured_media":67650,"comment_status":"closed","ping_status":"open","sticky":false,"template":"","format":"standard","meta":{"_lmt_disableupdate":"","_lmt_disable":"","_jetpack_memberships_contains_paid_content":false,"footnotes":""},"categories":[109,47],"tags":[1687,1954],"class_list":["post-67649","post","type-post","status-publish","format-standard","has-post-thumbnail","hentry","category-minuto-a-minuto","category-zona-gris","tag-frente-popular-revolucionario-fpr","tag-tomas-martinez-pinacho"],"jetpack_featured_media_url":"https:\/\/zonaroja.com.mx\/wp-content\/uploads\/2024\/04\/Tomas-Martinez-FPR.png.webp","jetpack_sharing_enabled":true,"_links":{"self":[{"href":"https:\/\/zonaroja.com.mx\/index.php?rest_route=\/wp\/v2\/posts\/67649","targetHints":{"allow":["GET"]}}],"collection":[{"href":"https:\/\/zonaroja.com.mx\/index.php?rest_route=\/wp\/v2\/posts"}],"about":[{"href":"https:\/\/zonaroja.com.mx\/index.php?rest_route=\/wp\/v2\/types\/post"}],"author":[{"embeddable":true,"href":"https:\/\/zonaroja.com.mx\/index.php?rest_route=\/wp\/v2\/users\/2"}],"replies":[{"embeddable":true,"href":"https:\/\/zonaroja.com.mx\/index.php?rest_route=%2Fwp%2Fv2%2Fcomments&post=67649"}],"version-history":[{"count":1,"href":"https:\/\/zonaroja.com.mx\/index.php?rest_route=\/wp\/v2\/posts\/67649\/revisions"}],"predecessor-version":[{"id":67651,"href":"https:\/\/zonaroja.com.mx\/index.php?rest_route=\/wp\/v2\/posts\/67649\/revisions\/67651"}],"wp:featuredmedia":[{"embeddable":true,"href":"https:\/\/zonaroja.com.mx\/index.php?rest_route=\/wp\/v2\/media\/67650"}],"wp:attachment":[{"href":"https:\/\/zonaroja.com.mx\/index.php?rest_route=%2Fwp%2Fv2%2Fmedia&parent=67649"}],"wp:term":[{"taxonomy":"category","embeddable":true,"href":"https:\/\/zonaroja.com.mx\/index.php?rest_route=%2Fwp%2Fv2%2Fcategories&post=67649"},{"taxonomy":"post_tag","embeddable":true,"href":"https:\/\/zonaroja.com.mx\/index.php?rest_route=%2Fwp%2Fv2%2Ftags&post=67649"}],"curies":[{"name":"wp","href":"https:\/\/api.w.org\/{rel}","templated":true}]}}