{"id":67652,"date":"2024-04-25T21:36:41","date_gmt":"2024-04-26T03:36:41","guid":{"rendered":"https:\/\/zonaroja.com.mx\/?p=67652"},"modified":"2024-04-25T21:36:44","modified_gmt":"2024-04-26T03:36:44","slug":"cumple-dos-dias-el-bloqueo-de-itunyoso-a-ixcatlan-oaxaca","status":"publish","type":"post","link":"https:\/\/zonaroja.com.mx\/?p=67652","title":{"rendered":"Cumple dos d\u00edas el bloqueo de Itunyoso a Ixcatl\u00e1n, Oaxaca"},"content":{"rendered":"\n<p>Ismael Garc\u00eda M.\/Zona Roja.<\/p>\n\n\n\n<p>Oaxaca de Ju\u00e1rez, Oax., a 25 de abril de 2024.- Por segundo d\u00eda consecutivo, contin\u00faa el bloqueo de vialidades por parte de Santiago Yosond\u00faa hacia Santo Domingo Ixcatl\u00e1n, en disputa de tierras.<\/p>\n\n\n\n<p>Este jueves, las escuelas de Ixcatl\u00e1n tomaron la decisi\u00f3n de suspender clases, ante las agresiones y con la finalidad de resguardar la integridad f\u00edsica del alumnado.<\/p>\n\n\n\n<p>En un comunicado, Maximino Santiago Jim\u00e9nez, presidente del Comisariado de Bienes Comunales; Jos\u00e9 Guadalupe Santiago Jim\u00e9nez, presidente municipal, y&nbsp;<\/p>\n\n\n\n<p>Presidente Municipal Constitucional, y Maurilio Santiago Reyes, del Centro de Derechos Humanos y Asesor\u00eda A Pueblos Ind\u00edgenas, urgieron la intervenci\u00f3n de las autoridades estatales y federales.<\/p>\n\n\n\n<p>Detallan que el acceso de la agencia municipal de Tierra Blanca, Santo Domingo Ixcatl\u00e1n, el cual colinda con Santiago Yosond\u00faa, est\u00e1 totalmente bloqueado.<\/p>\n\n\n\n<p>\u201cYa que habitantes de las agencias municipales pertenecientes a Santiago Yosond\u00faa derribaron \u00e1rboles para tapar el acceso, de igual manera en la agencia municipal del Porvenir, en la carretera que conduce a Santa Mar\u00eda Yolotepec, se encuentran aproximadamente 20 personas, con la intenci\u00f3n de revisar los veh\u00edculos que est\u00e1n circulando y con la condici\u00f3n de que no vengan de Santo Domingo Ixcatl\u00e1n para dejarlos &nbsp;pasar\u201d.<\/p>\n\n\n\n<p>Acusan al ex diputado priista Fidel Mayr\u00e9n S\u00e1nchez de azuzar la violencia en la zona, con pobladores de Atalaya, El Alacr\u00e1n, Cabecera de Ca\u00f1ada y Buena Vista, pertenecientes a Santiago Yosond\u00faa.&nbsp;<\/p>\n\n\n\n<p>Reiteraron que Ixcatl\u00e1n no tiene ning\u00fan problema de l\u00edmites con Santiago Yosond\u00faa.&nbsp;<\/p>\n\n\n\n<p>\u201cCabe destacar que Santo Domingo Ixcatl\u00e1n vivi\u00f3 un conflicto interno, ya que, en el a\u00f1o 2008, el se\u00f1or Fredy Eucario Morales Arias, de extracci\u00f3n pri\u00edsta y correligionario de Fidel Mayr\u00e9n S\u00e1nchez, junto con otras personas privaron de la vida a tres comuneros de Santo Domingo Ixcatl\u00e1n\u201d, recordaron.<\/p>\n","protected":false},"excerpt":{"rendered":"<p>Ismael Garc\u00eda M.\/Zona Roja. Oaxaca de Ju\u00e1rez, Oax., a 25 de abril de 2024.- Por&hellip;<\/p>\n","protected":false},"author":2,"featured_media":67654,"comment_status":"closed","ping_status":"open","sticky":false,"template":"","format":"standard","meta":{"_lmt_disableupdate":"","_lmt_disable":"","_jetpack_memberships_contains_paid_content":false,"footnotes":""},"categories":[109,47],"tags":[1725],"class_list":["post-67652","post","type-post","status-publish","format-standard","has-post-thumbnail","hentry","category-minuto-a-minuto","category-zona-gris","tag-santo-domingo-ixcatlan"],"jetpack_featured_media_url":"https:\/\/zonaroja.com.mx\/wp-content\/uploads\/2024\/04\/Santo-Domingo-Ixcatlan.jpg","jetpack_sharing_enabled":true,"_links":{"self":[{"href":"https:\/\/zonaroja.com.mx\/index.php?rest_route=\/wp\/v2\/posts\/67652","targetHints":{"allow":["GET"]}}],"collection":[{"href":"https:\/\/zonaroja.com.mx\/index.php?rest_route=\/wp\/v2\/posts"}],"about":[{"href":"https:\/\/zonaroja.com.mx\/index.php?rest_route=\/wp\/v2\/types\/post"}],"author":[{"embeddable":true,"href":"https:\/\/zonaroja.com.mx\/index.php?rest_route=\/wp\/v2\/users\/2"}],"replies":[{"embeddable":true,"href":"https:\/\/zonaroja.com.mx\/index.php?rest_route=%2Fwp%2Fv2%2Fcomments&post=67652"}],"version-history":[{"count":1,"href":"https:\/\/zonaroja.com.mx\/index.php?rest_route=\/wp\/v2\/posts\/67652\/revisions"}],"predecessor-version":[{"id":67655,"href":"https:\/\/zonaroja.com.mx\/index.php?rest_route=\/wp\/v2\/posts\/67652\/revisions\/67655"}],"wp:featuredmedia":[{"embeddable":true,"href":"https:\/\/zonaroja.com.mx\/index.php?rest_route=\/wp\/v2\/media\/67654"}],"wp:attachment":[{"href":"https:\/\/zonaroja.com.mx\/index.php?rest_route=%2Fwp%2Fv2%2Fmedia&parent=67652"}],"wp:term":[{"taxonomy":"category","embeddable":true,"href":"https:\/\/zonaroja.com.mx\/index.php?rest_route=%2Fwp%2Fv2%2Fcategories&post=67652"},{"taxonomy":"post_tag","embeddable":true,"href":"https:\/\/zonaroja.com.mx\/index.php?rest_route=%2Fwp%2Fv2%2Ftags&post=67652"}],"curies":[{"name":"wp","href":"https:\/\/api.w.org\/{rel}","templated":true}]}}