{"id":67663,"date":"2024-04-26T08:25:00","date_gmt":"2024-04-26T14:25:00","guid":{"rendered":"https:\/\/zonaroja.com.mx\/?p=67663"},"modified":"2024-04-26T07:26:28","modified_gmt":"2024-04-26T13:26:28","slug":"sancionara-el-senado-a-legislador-oaxaqueno-por-sacrificio-de-gallina","status":"publish","type":"post","link":"https:\/\/zonaroja.com.mx\/?p=67663","title":{"rendered":"Sancionar\u00e1 el Senado a legislador oaxaque\u00f1o por sacrificio de gallina"},"content":{"rendered":"\n<p>Redacci\u00f3n\/Zona Roja Cdmx.<\/p>\n\n\n\n<p>Ciudad de M\u00e9xico, a 26 de abril de 2024.- Activistas defensores de los animales se manifestaron este jueves delante del Senado de la Rep\u00fablica para exigir una sanci\u00f3n al morenista Adolfo G\u00f3mez Hern\u00e1ndez, quien fue el responsable de promover un ritual de sacrificio de una gallina viva en la sede de la C\u00e1mara Alta.<\/p>\n\n\n\n<p>\u201cEstamos aqu\u00ed reunidas muchas organizaciones y activistas de protecci\u00f3n animal para exigir (&#8230;) que al senador se le sancione\u201d, advirti\u00f3 Sof\u00eda Mor\u00edn, organizadora a t\u00edtulo individual de la concentraci\u00f3n, en declaraciones a los medios.<\/p>\n\n\n\n<p>Aunque el senador de Morena defendi\u00f3 que el hecho se produjo en el contexto de un ritual ancestral, la Mesa Directiva ha confirmado que&nbsp;G\u00f3mez Hern\u00e1ndez&nbsp;enfrentar\u00e1 una sanci\u00f3n administrativa por sus acciones, que han generado un considerable debate sobre la convivencia de costumbres ancestrales con el respeto a los derechos animales.<\/p>\n\n\n\n<p>La controversia surgi\u00f3 despu\u00e9s de que un ritual que involucraba el sacrificio de una gallina se llevara a cabo dentro de las instalaciones del&nbsp;Senado mexicano, lo que r\u00e1pidamente se difundi\u00f3 a trav\u00e9s de medios digitales.<\/p>\n\n\n\n<p>Seg\u00fan reportes, este acto estaba destinado a honrar rituales ind\u00edgenas relacionados con la lluvia. La&nbsp;presidencia&nbsp;de la C\u00e1mara Alta expres\u00f3 su rechazo, asumiendo distancia del suceso y se\u00f1alando la total responsabilidad de&nbsp;G\u00f3mez. En respuesta, el senador se defendi\u00f3 apelando al derecho constitucional de las comunidades originarias a preservar sus tradiciones y pr\u00e1cticas.<\/p>\n\n\n\n<p>Varias organizaciones de protecci\u00f3n animal, as\u00ed como individuos y activistas, se han movilizado exigiendo acciones concretas contra el legislador.<\/p>\n\n\n\n<p>Entre ellos,&nbsp;Sof\u00eda Mor\u00edn, figura prominente de la manifestaci\u00f3n, critic\u00f3 severamente la conducta del senador resaltando la incoherencia de promover el maltrato animal mientras el pa\u00eds busca promover leyes contra esta pr\u00e1ctica. Este evento ha unido a diversos sectores de la sociedad en una causa com\u00fan, evidenciando la complejidad de integrar el respeto por las tradiciones con la protecci\u00f3n hacia los animales.<\/p>\n\n\n\n<p>Diversos actores pol\u00edticos y sociales han expresado su postura al respecto. La activista&nbsp;Cecilia Ortu\u00f1o&nbsp;de Igualdad Animal ha anunciado que se han interpuesto denuncias contra&nbsp;G\u00f3mez&nbsp;y ha asegurado que las protestas continuar\u00e1n.<\/p>\n\n\n\n<p>Adem\u00e1s, la diputada&nbsp;Cynthia L\u00f3pez&nbsp;del&nbsp;PRI&nbsp;se sum\u00f3 a las voces cr\u00edticas, solicitando la destituci\u00f3n del senador implicado. Este incidente ha reavivado el debate sobre el maltrato animal en M\u00e9xico, un pa\u00eds que se enfrenta al desaf\u00edo de equilibrar sus ricas tradiciones culturales con las demandas contempor\u00e1neas de derechos y protecci\u00f3n animal.<\/p>\n\n\n\n<p>Mesa Directiva se deslind\u00f3 del sacrificio<\/p>\n\n\n\n<p>La&nbsp;Presidencia del Senado de la Rep\u00fablica&nbsp;se desvincul\u00f3 de la controversia generada tras el sacrificio de un ave dentro de las instalaciones del recinto legislativo, hecho atribuido al&nbsp;senador Adolfo G\u00f3mez Hern\u00e1ndez, miembro del partido Morena.<\/p>\n\n\n\n<p>La acci\u00f3n, seg\u00fan comunic\u00f3 la&nbsp;Mesa Directiva, se realiz\u00f3 bajo la \u201cestricta responsabilidad individual\u201d del legislador mencionado, a pesar de la previa negativa de autorizaci\u00f3n para llevar a cabo tal acto.<\/p>\n\n\n\n<p>El senador G\u00f3mez Hern\u00e1ndez defendi\u00f3 su actuaci\u00f3n alegando que se basaba en las tradiciones y&nbsp;costumbres de un grupo ind\u00edgena, aunque esto contravino la decisi\u00f3n expresa de la&nbsp;Mesa Direct<\/p>\n\n\n\n<p>(Informaci\u00f3n de Infobae M\u00e9xico)<\/p>\n","protected":false},"excerpt":{"rendered":"<p>Redacci\u00f3n\/Zona Roja Cdmx. Ciudad de M\u00e9xico, a 26 de abril de 2024.- Activistas defensores de&hellip;<\/p>\n","protected":false},"author":2,"featured_media":67660,"comment_status":"closed","ping_status":"open","sticky":false,"template":"","format":"standard","meta":{"_lmt_disableupdate":"","_lmt_disable":"","_jetpack_memberships_contains_paid_content":false,"footnotes":""},"categories":[109,47],"tags":[3702],"class_list":["post-67663","post","type-post","status-publish","format-standard","has-post-thumbnail","hentry","category-minuto-a-minuto","category-zona-gris","tag-adolfo-gomez-hernandez"],"jetpack_featured_media_url":"https:\/\/zonaroja.com.mx\/wp-content\/uploads\/2024\/04\/Adolfo-Gomez-Hernandez.jpg","jetpack_sharing_enabled":true,"_links":{"self":[{"href":"https:\/\/zonaroja.com.mx\/index.php?rest_route=\/wp\/v2\/posts\/67663","targetHints":{"allow":["GET"]}}],"collection":[{"href":"https:\/\/zonaroja.com.mx\/index.php?rest_route=\/wp\/v2\/posts"}],"about":[{"href":"https:\/\/zonaroja.com.mx\/index.php?rest_route=\/wp\/v2\/types\/post"}],"author":[{"embeddable":true,"href":"https:\/\/zonaroja.com.mx\/index.php?rest_route=\/wp\/v2\/users\/2"}],"replies":[{"embeddable":true,"href":"https:\/\/zonaroja.com.mx\/index.php?rest_route=%2Fwp%2Fv2%2Fcomments&post=67663"}],"version-history":[{"count":1,"href":"https:\/\/zonaroja.com.mx\/index.php?rest_route=\/wp\/v2\/posts\/67663\/revisions"}],"predecessor-version":[{"id":67664,"href":"https:\/\/zonaroja.com.mx\/index.php?rest_route=\/wp\/v2\/posts\/67663\/revisions\/67664"}],"wp:featuredmedia":[{"embeddable":true,"href":"https:\/\/zonaroja.com.mx\/index.php?rest_route=\/wp\/v2\/media\/67660"}],"wp:attachment":[{"href":"https:\/\/zonaroja.com.mx\/index.php?rest_route=%2Fwp%2Fv2%2Fmedia&parent=67663"}],"wp:term":[{"taxonomy":"category","embeddable":true,"href":"https:\/\/zonaroja.com.mx\/index.php?rest_route=%2Fwp%2Fv2%2Fcategories&post=67663"},{"taxonomy":"post_tag","embeddable":true,"href":"https:\/\/zonaroja.com.mx\/index.php?rest_route=%2Fwp%2Fv2%2Ftags&post=67663"}],"curies":[{"name":"wp","href":"https:\/\/api.w.org\/{rel}","templated":true}]}}