{"id":67671,"date":"2024-04-26T07:52:45","date_gmt":"2024-04-26T13:52:45","guid":{"rendered":"https:\/\/zonaroja.com.mx\/?p=67671"},"modified":"2024-04-26T07:52:46","modified_gmt":"2024-04-26T13:52:46","slug":"vinculan-a-proceso-a-mujer-que-presuntamente-mato-a-sus-hijos-en-miahuatlan","status":"publish","type":"post","link":"https:\/\/zonaroja.com.mx\/?p=67671","title":{"rendered":"Vinculan a proceso a mujer que presuntamente mat\u00f3 a sus hijos en Miahuatl\u00e1n"},"content":{"rendered":"\n<p>Redacci\u00f3n\/Zona Roja.&nbsp;<\/p>\n\n\n\n<p>Oaxaca de Ju\u00e1rez, Oax., a 26 de abril de 2024.- La Fiscal\u00eda General del Estado de Oaxaca obtuvo auto de Vinculaci\u00f3n a Proceso en contra de una persona del sexo femenino identificada con iniciales O. C. V., quien fue detenida en flagrancia, por los delitos de feminicidio agravado y homicidio calificado, el primero cometido en agravio de una ni\u00f1a, y el segundo cometido en agravio de un ni\u00f1o, hechos ocurridos en Miahuatl\u00e1n de Porfirio D\u00edaz.<\/p>\n\n\n\n<p>De acuerdo con el expediente penal, el 15 de abril del 2024, una mujer aparentemente agredi\u00f3 con un arma de fuego a sus dos hijos identificados de uno y seis a\u00f1os de edad, lo cual habr\u00eda ocurrido dentro de su vivienda, en Miahuatl\u00e1n de Porfirio D\u00edaz.<\/p>\n\n\n\n<p>Derivado de la agresi\u00f3n, la ni\u00f1a de un a\u00f1o de edad perdi\u00f3 la vida cuando recib\u00eda atenci\u00f3n m\u00e9dica especializada, mientras que, la segunda v\u00edctima result\u00f3 con lesiones y se encontraba hospitalizado recibiendo atenci\u00f3n m\u00e9dica, pero a consecuencia de la agresi\u00f3n, perdi\u00f3 la vida el 19 de abril del 2024.<\/p>\n\n\n\n<p>Ante estos hechos, la Fiscal\u00eda de Oaxaca inici\u00f3 la investigaci\u00f3n a trav\u00e9s de la Vicefiscal\u00eda General de Control Regional, lo que permiti\u00f3 la detenci\u00f3n en flagrancia de O.C.V, quien fue presentada ante la autoridad correspondiente.<\/p>\n\n\n\n<p>Al presentar los datos de prueba aportados por el Ministerio P\u00fablico, fueron evaluados por el Juez que atiende la causa, quien determin\u00f3 vincular a proceso a O.C.V., adem\u00e1s que dict\u00f3 la medida de prisi\u00f3n preventiva oficiosa y otorg\u00f3 seis meses para el cierre de la investigaci\u00f3n.<\/p>\n\n\n\n<p>La Fiscal\u00eda de Oaxaca, reitera en los hechos, su compromiso de llevar ante la Justicia a todo aquel que vulnere los derechos y la integridad de ni\u00f1as, ni\u00f1os, adolescentes y mujeres.<\/p>\n","protected":false},"excerpt":{"rendered":"<p>Redacci\u00f3n\/Zona Roja.&nbsp; Oaxaca de Ju\u00e1rez, Oax., a 26 de abril de 2024.- La Fiscal\u00eda General&hellip;<\/p>\n","protected":false},"author":2,"featured_media":67672,"comment_status":"closed","ping_status":"open","sticky":false,"template":"","format":"standard","meta":{"_lmt_disableupdate":"","_lmt_disable":"","_jetpack_memberships_contains_paid_content":false,"footnotes":""},"categories":[109,46],"tags":[494],"class_list":["post-67671","post","type-post","status-publish","format-standard","has-post-thumbnail","hentry","category-minuto-a-minuto","category-zona-blanca","tag-fiscalia-general-del-estado-de-oaxaca"],"jetpack_featured_media_url":"https:\/\/zonaroja.com.mx\/wp-content\/uploads\/2024\/04\/Mujer-detenida-Miahuatlan-mato-a-hijas.jpg","jetpack_sharing_enabled":true,"_links":{"self":[{"href":"https:\/\/zonaroja.com.mx\/index.php?rest_route=\/wp\/v2\/posts\/67671","targetHints":{"allow":["GET"]}}],"collection":[{"href":"https:\/\/zonaroja.com.mx\/index.php?rest_route=\/wp\/v2\/posts"}],"about":[{"href":"https:\/\/zonaroja.com.mx\/index.php?rest_route=\/wp\/v2\/types\/post"}],"author":[{"embeddable":true,"href":"https:\/\/zonaroja.com.mx\/index.php?rest_route=\/wp\/v2\/users\/2"}],"replies":[{"embeddable":true,"href":"https:\/\/zonaroja.com.mx\/index.php?rest_route=%2Fwp%2Fv2%2Fcomments&post=67671"}],"version-history":[{"count":1,"href":"https:\/\/zonaroja.com.mx\/index.php?rest_route=\/wp\/v2\/posts\/67671\/revisions"}],"predecessor-version":[{"id":67673,"href":"https:\/\/zonaroja.com.mx\/index.php?rest_route=\/wp\/v2\/posts\/67671\/revisions\/67673"}],"wp:featuredmedia":[{"embeddable":true,"href":"https:\/\/zonaroja.com.mx\/index.php?rest_route=\/wp\/v2\/media\/67672"}],"wp:attachment":[{"href":"https:\/\/zonaroja.com.mx\/index.php?rest_route=%2Fwp%2Fv2%2Fmedia&parent=67671"}],"wp:term":[{"taxonomy":"category","embeddable":true,"href":"https:\/\/zonaroja.com.mx\/index.php?rest_route=%2Fwp%2Fv2%2Fcategories&post=67671"},{"taxonomy":"post_tag","embeddable":true,"href":"https:\/\/zonaroja.com.mx\/index.php?rest_route=%2Fwp%2Fv2%2Ftags&post=67671"}],"curies":[{"name":"wp","href":"https:\/\/api.w.org\/{rel}","templated":true}]}}