{"id":67680,"date":"2024-04-26T15:00:44","date_gmt":"2024-04-26T21:00:44","guid":{"rendered":"https:\/\/zonaroja.com.mx\/?p=67680"},"modified":"2024-04-26T15:00:45","modified_gmt":"2024-04-26T21:00:45","slug":"preven-concluir-este-ano-restauracion-de-inmuebles-historicos-en-el-istmo","status":"publish","type":"post","link":"https:\/\/zonaroja.com.mx\/?p=67680","title":{"rendered":"Prev\u00e9n concluir este a\u00f1o restauraci\u00f3n de inmuebles hist\u00f3ricos en el Istmo"},"content":{"rendered":"\n<p>Raymundo Morales\/Zona Roja.<\/p>\n\n\n\n<p>Oaxaca de Ju\u00e1rez, Oax., a 26 de abril de 2024.- Los gobiernos federal y estatal prev\u00e9n concluir, a m\u00e1s tardar este a\u00f1o, las obras de rehabilitaci\u00f3n de inmuebles hist\u00f3ricos da\u00f1ados por los sismos del a\u00f1o 2017 en la regi\u00f3n del Istmo.<\/p>\n\n\n\n<p>Entre ellos se encuentran el tempo de San Vicente Ferrer y la Casa de la Cultura, en Juchit\u00e1n de Zaragoza, adem\u00e1s del palacio municipal.<\/p>\n\n\n\n<p>De acuerdo con la Secretar\u00eda de Cultura del gobierno de la Rep\u00fablica, de los 914 inmuebles da\u00f1ados en los sismos del 2017, m\u00e1s del 90 por ciento resultaron ser templos, de las cuales, hasta agosto de 2023, 613 hab\u00edan sido restaurados y entregados.<\/p>\n\n\n\n<p>No obstante, los trabajos de restauraci\u00f3n en los 301 inmuebles restantes est\u00e1n por concluir.<\/p>\n\n\n\n<p>En ese marco, el gobernador Salom\u00f3n Jara Cruz y la secretaria de Cultura, Alejandra Frausto, visitaron Juchit\u00e1n de Zaragoza, para evaluar las acciones de reconstrucci\u00f3n.<\/p>\n\n\n\n<p>En el acto, el mandatario reconoci\u00f3 el apoyo del Gobierno de M\u00e9xico, que encabeza Andr\u00e9s Manuel L\u00f3pez Obrador, para intervenir los inmuebles da\u00f1ados que forman parte del patrimonio cultural de Oaxaca, incluyendo los templos religiosos.<\/p>\n\n\n\n<p>Luego de se\u00f1alar que Oaxaca es el coraz\u00f3n cultural de M\u00e9xico en el que convergen 16 pueblos \u00e9tnicos y uno afromexicano, el mandatario oaxaque\u00f1o destac\u00f3 el trabajo de restauraci\u00f3n que realizan los antrop\u00f3logos y artistas, para restaurar las obras legadas por las y los antepasados.<\/p>\n\n\n\n<p>En el marco de esta gira de trabajo, el gobernador y la secretaria de Cultura federal conmemoraron el aniversario luctuoso del General Heliodoro Charis Castro.&nbsp;<\/p>\n\n\n\n<p>Tambi\u00e9n, atestiguaron la presentaci\u00f3n de la Banda Filarm\u00f3nica Sandunga de Santo Domingo Tehuantepec, como parte del programa Semillero.<\/p>\n","protected":false},"excerpt":{"rendered":"<p>Raymundo Morales\/Zona Roja. Oaxaca de Ju\u00e1rez, Oax., a 26 de abril de 2024.- Los gobiernos&hellip;<\/p>\n","protected":false},"author":2,"featured_media":67681,"comment_status":"closed","ping_status":"open","sticky":false,"template":"","format":"standard","meta":{"_lmt_disableupdate":"","_lmt_disable":"","_jetpack_memberships_contains_paid_content":false,"footnotes":""},"categories":[109,46],"tags":[939],"class_list":["post-67680","post","type-post","status-publish","format-standard","has-post-thumbnail","hentry","category-minuto-a-minuto","category-zona-blanca","tag-salomon-jara-cruz"],"jetpack_featured_media_url":"https:\/\/zonaroja.com.mx\/wp-content\/uploads\/2024\/04\/Salomon-Jara-Cruz-gira-Secretaria-de-Cultura-Istmo.jpeg","jetpack_sharing_enabled":true,"_links":{"self":[{"href":"https:\/\/zonaroja.com.mx\/index.php?rest_route=\/wp\/v2\/posts\/67680","targetHints":{"allow":["GET"]}}],"collection":[{"href":"https:\/\/zonaroja.com.mx\/index.php?rest_route=\/wp\/v2\/posts"}],"about":[{"href":"https:\/\/zonaroja.com.mx\/index.php?rest_route=\/wp\/v2\/types\/post"}],"author":[{"embeddable":true,"href":"https:\/\/zonaroja.com.mx\/index.php?rest_route=\/wp\/v2\/users\/2"}],"replies":[{"embeddable":true,"href":"https:\/\/zonaroja.com.mx\/index.php?rest_route=%2Fwp%2Fv2%2Fcomments&post=67680"}],"version-history":[{"count":1,"href":"https:\/\/zonaroja.com.mx\/index.php?rest_route=\/wp\/v2\/posts\/67680\/revisions"}],"predecessor-version":[{"id":67682,"href":"https:\/\/zonaroja.com.mx\/index.php?rest_route=\/wp\/v2\/posts\/67680\/revisions\/67682"}],"wp:featuredmedia":[{"embeddable":true,"href":"https:\/\/zonaroja.com.mx\/index.php?rest_route=\/wp\/v2\/media\/67681"}],"wp:attachment":[{"href":"https:\/\/zonaroja.com.mx\/index.php?rest_route=%2Fwp%2Fv2%2Fmedia&parent=67680"}],"wp:term":[{"taxonomy":"category","embeddable":true,"href":"https:\/\/zonaroja.com.mx\/index.php?rest_route=%2Fwp%2Fv2%2Fcategories&post=67680"},{"taxonomy":"post_tag","embeddable":true,"href":"https:\/\/zonaroja.com.mx\/index.php?rest_route=%2Fwp%2Fv2%2Ftags&post=67680"}],"curies":[{"name":"wp","href":"https:\/\/api.w.org\/{rel}","templated":true}]}}