{"id":67683,"date":"2024-04-26T15:18:05","date_gmt":"2024-04-26T21:18:05","guid":{"rendered":"https:\/\/zonaroja.com.mx\/?p=67683"},"modified":"2024-04-26T15:18:08","modified_gmt":"2024-04-26T21:18:08","slug":"presidenta-suspendida-del-ieepco-denuncia-persecucion-politica-y-judicial","status":"publish","type":"post","link":"https:\/\/zonaroja.com.mx\/?p=67683","title":{"rendered":"Presidenta suspendida del IEEPCO denuncia persecuci\u00f3n pol\u00edtica y judicial"},"content":{"rendered":"\n<p>Raymundo Morales\/Zona Roja.<\/p>\n\n\n\n<p>Oaxaca de Ju\u00e1rez, Oax., a 26 de abril de 2024.- Tras una segunda sentencia del Tribunal de Justicia Administrativa en su contra, ahora para una inhabilitaci\u00f3n hasta por tres a\u00f1os, la presidenta suspendida del IEEPCO, Elizabeth S\u00e1nchez Gonz\u00e1lez, denunci\u00f3 una campa\u00f1a de persecuci\u00f3n pol\u00edtica y judicial en su contra y pidi\u00f3 la intervenci\u00f3n de organismos internacionales.<\/p>\n\n\n\n<p>\u201cEstas acciones afectan mis derechos y ponen en riesgo la estabilidad del \u00f3rgano electoral encargado de organizar el Proceso Electoral 2023-2024 en Oaxaca.<\/p>\n\n\n\n<p>\u201cHe decidido defenderme por todas las v\u00edas jur\u00eddicas de las decisiones que me han impuesto injustamente y que son ataques llenos de vicios jur\u00eddicos y procedimentales\u201d, destac\u00f3 en un comunicado emitido este viernes.<\/p>\n\n\n\n<p>Se\u00f1al\u00f3 de nuevo al Encargado de Despacho de la Contralor\u00eda General del \u00f3rgano, Salvador Alejandro Cruz Rodr\u00edguez, \u201cquien ha iniciado una persecuci\u00f3n administrativa y pol\u00edtica en mi contra desde 2023\u201d.<\/p>\n\n\n\n<p>Acus\u00f3 adem\u00e1s la utilizaci\u00f3n a modo del Tribunal de Justicia Administrativa y Combate a la Corrupci\u00f3n del Estado de Oaxaca por obstruir el ejercicio de sus derechos pol\u00edtico electorales.<\/p>\n\n\n\n<p>\u201cSalvador Cruz Rodr\u00edguez ha intentado en cuatro ocasiones removerme del cargo de Presidenta del Consejo General del IEEPCO.<\/p>\n\n\n\n<p>\u201cSu primer intento para coartar mis derechos ocurri\u00f3 en septiembre de 2023; pero promov\u00ed junto con el INE un juicio ante la Sala Superior del Tribunal Electoral del Poder Judicial de la Federaci\u00f3n, con el que fui reinstalada inmediatamente\u201d.<\/p>\n\n\n\n<p>\u201cEl segundo, ocurri\u00f3 el pasado 10 de abril de 2024, cuando a ra\u00edz de una denuncia hecha por Cruz Rodr\u00edguez, el Tribunal de Justicia Administrativa y Combate a la Corrupci\u00f3n del Estado de Oaxaca me inhabilit\u00f3 por un a\u00f1o por supuestas irregularidades administrativas de las que ni siquiera tuve oportunidad de revisar el expediente, porque Cruz Rodr\u00edguez logr\u00f3 reservarlo.<\/p>\n\n\n\n<p>\u201cEsa sanci\u00f3n, como el propio Tribunal lo dijo y la ley lo se\u00f1ala, debe<\/p>\n\n\n\n<p>ejecutarse cuando se agoten todos mis medios de defensa, y no de forma<\/p>\n\n\n\n<p>inmediata e ilegal.<\/p>\n\n\n\n<p>\u201cPero no fue as\u00ed. Al d\u00eda siguiente fui notificada de una Aclaraci\u00f3n de Sentencia en la que el Tribunal, en franca violaci\u00f3n a los principios de legalidad y certeza, modific\u00f3 los t\u00e9rminos de su propia resoluci\u00f3n inicial, lo cual es un delito.&nbsp;<\/p>\n\n\n\n<p>\u201cEl Tribunal plante\u00f3 que la sanci\u00f3n surtir\u00eda efectos a partir de que se me notificara la sentencia; sin dejarme agotar los recursos jur\u00eddicos que la constituci\u00f3n y los tratados internacionales me otorgan.<\/p>\n\n\n\n<p>\u201cEn el tercer intento por anular mis derechos, el d\u00eda de ayer, la Segunda Sala Unitaria del Tribunal Administrativo me notific\u00f3 una sentencia en la que resuelve otra inhabilitaci\u00f3n por tres a\u00f1os, esto, horas despu\u00e9s de que el Juez Tercero de Distrito en el Estado de Oaxaca me concediera la suspensi\u00f3n en el amparo por la primera inhabilitaci\u00f3n y me restituyera como presidenta del Instituto.<\/p>\n\n\n\n<p>\u201cFinalmente, Cruz Rodr\u00edguez me inici\u00f3 una Carpeta de Investigaci\u00f3n por Uso Il\u00edcito de Atribuciones y Facultades. En ese proceso penal se han presentado situaciones at\u00edpicas, en las que el Juez de Control de Tanivet ha programado audiencias con una prontitud inusitada y en el que incluso me libraron una orden de comparecencia con tratos bruscamente diferenciados\u201d, detall\u00f3.<\/p>\n\n\n\n<p>Manifest\u00f3 que las Agentes del Ministerio P\u00fablico adscritas a la Fiscal\u00eda Especializada en combate a la Corrupci\u00f3n, pretende formularle imputaci\u00f3n sin que previamente su defensa y ella hayan tenido acceso a la carpeta de investigaci\u00f3n.<\/p>\n\n\n\n<p>Remarc\u00f3 que la Fiscal\u00eda Anticorrupci\u00f3n no est\u00e1 cumpliendo con su obligaci\u00f3n, ya que le est\u00e1 trasladando la obligaci\u00f3n de generar una copia f\u00edsica de mi carpeta de investigaci\u00f3n, violando su derecho de acceso pleno a la misma.&nbsp;<\/p>\n\n\n\n<p>\u201cLo m\u00e1s peligroso de todo esto, es que la unidad de medidas cautelares determin\u00f3 que yo represento un riesgo alto para la sociedad, los testigos y la v\u00edctima (que curiosamente es el Contralor). Por ello, el que se me imponga una medida cautelar consistente en la prisi\u00f3n preventiva y me priven de mi liberad es inminente\u201d.&nbsp;<\/p>\n\n\n\n<p>Por ello, hizo un llamado urgente a organizaciones de la sociedad civil y a los organismos internacionales de derechos humanos, pues asegura que lo que le est\u00e1 ocurriendo es una violaci\u00f3n grave al sistema que deber\u00eda proteger de los abusos del Estado.<\/p>\n\n\n\n<p>\u201cManifiesto a la ciudan\u00eda que seguir\u00e9 defendi\u00e9ndome en las instancias correspondientes hasta encontrar justicia, no dejar\u00e9 que los actos del encargado de la Contralor\u00eda General sigan manchando mi nombre\u201d.<\/p>\n\n\n\n<p>\u201cComo ind\u00edgena zapoteca y primera mujer designada por el INE para presidir el IEEPCO, no permitir\u00e9 que el abuso de poder e intereses personales tanto de Salvador Cruz Rodr\u00edguez como del Tribunal de Justicia, impidan que ejerza el cargo\u201d.<\/p>\n\n\n\n<p>Elizabeth S\u00e1nchez indic\u00f3 que est\u00e1n haciendo uso de diversas instituciones p\u00fablicas para impedir a toda costa que ejerza el cargo, est\u00e1 preparando una petici\u00f3n de medidas cautelares ante la Comisi\u00f3n Interamericana de Derechos Humanos (CIDH) a fin de que sea resguardada su integridad, vida, trabajo, libertad personal, as\u00ed como la de su familia y colaboradores.<\/p>\n","protected":false},"excerpt":{"rendered":"<p>Raymundo Morales\/Zona Roja. Oaxaca de Ju\u00e1rez, Oax., a 26 de abril de 2024.- Tras una&hellip;<\/p>\n","protected":false},"author":2,"featured_media":67684,"comment_status":"closed","ping_status":"open","sticky":false,"template":"","format":"standard","meta":{"_lmt_disableupdate":"","_lmt_disable":"","_jetpack_memberships_contains_paid_content":false,"footnotes":""},"categories":[109,47],"tags":[2924],"class_list":["post-67683","post","type-post","status-publish","format-standard","has-post-thumbnail","hentry","category-minuto-a-minuto","category-zona-gris","tag-elizabeth-sanchez-gonzalez"],"jetpack_featured_media_url":"https:\/\/zonaroja.com.mx\/wp-content\/uploads\/2024\/04\/Elizabeth-Sanchez-Gonzalez.jpeg","jetpack_sharing_enabled":true,"_links":{"self":[{"href":"https:\/\/zonaroja.com.mx\/index.php?rest_route=\/wp\/v2\/posts\/67683","targetHints":{"allow":["GET"]}}],"collection":[{"href":"https:\/\/zonaroja.com.mx\/index.php?rest_route=\/wp\/v2\/posts"}],"about":[{"href":"https:\/\/zonaroja.com.mx\/index.php?rest_route=\/wp\/v2\/types\/post"}],"author":[{"embeddable":true,"href":"https:\/\/zonaroja.com.mx\/index.php?rest_route=\/wp\/v2\/users\/2"}],"replies":[{"embeddable":true,"href":"https:\/\/zonaroja.com.mx\/index.php?rest_route=%2Fwp%2Fv2%2Fcomments&post=67683"}],"version-history":[{"count":1,"href":"https:\/\/zonaroja.com.mx\/index.php?rest_route=\/wp\/v2\/posts\/67683\/revisions"}],"predecessor-version":[{"id":67685,"href":"https:\/\/zonaroja.com.mx\/index.php?rest_route=\/wp\/v2\/posts\/67683\/revisions\/67685"}],"wp:featuredmedia":[{"embeddable":true,"href":"https:\/\/zonaroja.com.mx\/index.php?rest_route=\/wp\/v2\/media\/67684"}],"wp:attachment":[{"href":"https:\/\/zonaroja.com.mx\/index.php?rest_route=%2Fwp%2Fv2%2Fmedia&parent=67683"}],"wp:term":[{"taxonomy":"category","embeddable":true,"href":"https:\/\/zonaroja.com.mx\/index.php?rest_route=%2Fwp%2Fv2%2Fcategories&post=67683"},{"taxonomy":"post_tag","embeddable":true,"href":"https:\/\/zonaroja.com.mx\/index.php?rest_route=%2Fwp%2Fv2%2Ftags&post=67683"}],"curies":[{"name":"wp","href":"https:\/\/api.w.org\/{rel}","templated":true}]}}