{"id":67686,"date":"2024-04-26T15:23:33","date_gmt":"2024-04-26T21:23:33","guid":{"rendered":"https:\/\/zonaroja.com.mx\/?p=67686"},"modified":"2024-04-26T15:23:35","modified_gmt":"2024-04-26T21:23:35","slug":"renueva-la-asociacion-oaxaquena-de-constructores-de-instalaciones-electricas-y-conexos-su-directiva","status":"publish","type":"post","link":"https:\/\/zonaroja.com.mx\/?p=67686","title":{"rendered":"Renueva la Asociaci\u00f3n Oaxaque\u00f1a de Constructores de Instalaciones El\u00e9ctricas y Conexos\u00a0su directiva"},"content":{"rendered":"\n<p>Redacci\u00f3n\/Zona Roja.<\/p>\n\n\n\n<p>Oaxaca de Ju\u00e1rez, Oax., a 26 de abril de 2024.- La Asociaci\u00f3n Oaxaque\u00f1a de Constructores de Instalaciones El\u00e9ctricas y Conexos (AOCIEC) renov\u00f3 este viernes su consejo directivo, que preside Jes\u00fas Eusebio Jarqu\u00edn Bautista.<\/p>\n\n\n\n<p>Tras rendir protesta junto con los dem\u00e1s integrantes, el nuevo presidente refrend\u00f3 su compromiso con el gremio y la sociedad oaxaque\u00f1a de promover acciones concretas que permitan fortalecer la seguridad de las instalaciones el\u00e9ctricas, para proteger la vida y los bienes de las personas.<\/p>\n\n\n\n<p>Acompa\u00f1ado por el presidente saliente, \u00c1ngel Cervantes Madrid; el director de Desarrollo Internacional para Am\u00e9rica Latina de la Asociaci\u00f3n Nacional de Protecci\u00f3n contra el Fuego (NFPA, por sus siglas en ingl\u00e9s), Jaime Guti\u00e9rrez Casas; el presidente de la Delegaci\u00f3n Oaxaca de la C\u00e1mara Mexicana de la Industria de la Construcci\u00f3n (CMIC), Billy Hern\u00e1ndez Mendoza; Jarqu\u00edn Bautista sostuvo que dentro de su plan de trabajo para el periodo 2024-2026 se encuentra la capacitaci\u00f3n permanente.<\/p>\n\n\n\n<p>Ante el gerente Divisional de Distribuci\u00f3n Sureste de la Comisi\u00f3n Federal de Electricidad, Jorge Tamariz Ocampo; el titular de la Oficina de Representaci\u00f3n Federal del Trabajo, Gonzalo de Jes\u00fas Jaime Moreno; el presidente de L\u00edderes Empresariales Impulsores del Desarrollo Oaxaque\u00f1o, Jos\u00e9 Rivera Espina y la diputada local, Mariana Ben\u00edtez; el presiente entrante asegur\u00f3 que buscan contribuir con la poblaci\u00f3n al llevar obras de electrificaci\u00f3n e iluminaci\u00f3n a las poblaciones que a\u00fan carecen de este servicio.<\/p>\n\n\n\n<p>Pues, agreg\u00f3, la electrificaci\u00f3n social no s\u00f3lo representa un reto para los gobiernos, sino tambi\u00e9n para las organizaciones de la sociedad civil, colegios y agrupaciones de profesionistas.<\/p>\n\n\n\n<p>\u201cEsta es una Asociaci\u00f3n preocupada por la vida y por los bienes de la poblaci\u00f3n\u201d, afirm\u00f3 y dijo que, en el pa\u00eds, las empresas de la construcci\u00f3n el\u00e9ctrica representan alrededor de 15 mil millones de pesos en compras, equipamiento y materiales; a lo que se suma un 35 por ciento de mano de obra, de ah\u00ed que cuentan con un mercado de m\u00e1s de 20 mil millones de pesos generados a lo largo de M\u00e9xico.<\/p>\n\n\n\n<p>En la Rep\u00fablica, en Oaxaca y en el sureste mexicano, sostuvo, se cuenta con potencial econ\u00f3mico, mano de obra calificada, equipamiento y todo lo que se requiere para seguir avanzando y hacer crecer la industria el\u00e9ctrica.<\/p>\n\n\n\n<p>\u201cEn nuestra Asociaci\u00f3n estamos convencidos que, si caminas solo, ir\u00e1s m\u00e1s r\u00e1pido, pero si caminas acompa\u00f1ando, llegar\u00e1s m\u00e1s lejos. Por ello, hoy pueden notar que existe un trabajo coordinado entre distintas instituciones, asociaciones, colegios, marcas y fabricantes. Hemos realizado una serie de gestiones para poder caminar de la mano con aquellos con los que se pueden lograr objetivos en com\u00fan\u201d, indic\u00f3.<\/p>\n\n\n\n<figure class=\"wp-block-embed is-type-rich is-provider-twitter wp-block-embed-twitter\"><div class=\"wp-block-embed__wrapper\">\n<div class=\"twitter-tweet\"><blockquote class=\"twitter-tweet\" data-lang=\"es\"><p lang=\"es\" dir=\"ltr\"><a href=\"https:\/\/twitter.com\/hashtag\/ENVIVO?src=hash&amp;ref_src=twsrc%5Etfw\">#ENVIVO<\/a><br>PARTE II<br>Oaxaca, Oax., a 26 de abril de 2024.- Toma de protesta del III Consejo Directivo 2024-206 de la Asociaci\u00f3n Oaxaque\u00f1a de Constructores de Instalaciones El\u00e9ctricas y Conexos (AOCIEC).<br>Asume la presidencia Jes\u00fas Eusebio Jarqu\u00edn Bautista. <br>\ud83d\udc47<a href=\"https:\/\/t.co\/uiVSuP2z9G\">https:\/\/t.co\/uiVSuP2z9G<\/a><\/p>&mdash; Zona Roja Oaxaca (@ZonaRoja_Oaxaca) <a href=\"https:\/\/twitter.com\/ZonaRoja_Oaxaca\/status\/1783909964127277096?ref_src=twsrc%5Etfw\">26 de abril de 2024<\/a><\/blockquote><\/div>\n<\/div><\/figure>\n\n\n\n<p>Ante lo cual, indic\u00f3, apuestan a la capacitaci\u00f3n en las diferentes especialidades, de las muchas que existen en el rubro de la ingenier\u00eda el\u00e9ctrica, as\u00ed como en materia de seguridad, por lo que impulsan certificaciones con la NFPA.<\/p>\n\n\n\n<p>En este sentido, agradeci\u00f3 el acompa\u00f1amiento del director de Desarrollo para Am\u00e9rica Latina de la Asociaci\u00f3n Nacional de Protecci\u00f3n contra el Fuego, Jaime Guti\u00e9rrez, quien, adem\u00e1s, llev\u00f3 a cabo la toma de protesta.<\/p>\n\n\n\n<p>As\u00ed tambi\u00e9n, reconoci\u00f3 a las marcas que han fortalecido el trabajo del gremio con quienes han apostado a la transici\u00f3n energ\u00e9tica que el planeta requiere, entre las que se encuentran movilidad sostenible en motos, autos y camiones.&nbsp;<\/p>\n\n\n\n<p>A la toma de protesta tambi\u00e9n acudieron representantes de colegios y asociaciones de la Ciudad de M\u00e9xico, Tabasco, Chiapas, Campeche y diversos estados de la Rep\u00fablica.<\/p>\n\n\n\n<p>El III Consejo directivo 2024-2026 de la Asociaci\u00f3n Oaxaque\u00f1a de Constructores de Instalaciones El\u00e9ctricas y Conexos qued\u00f3 integrado de la siguiente manera:<\/p>\n\n\n\n<p>Presidente: Jes\u00fas Eusebio Jarqu\u00edn Bautista.<\/p>\n\n\n\n<p>Secretario y comisionado de capacitaci\u00f3n y enlace con instituciones educativas: Nicol\u00e1s Jorge Mata Carlos.<\/p>\n\n\n\n<p>Tesorera y comisionada de socios AOCIEC y nuevos socios: Rosa Isela L\u00f3pez Ram\u00edrez.<\/p>\n\n\n\n<p>Primer vocal y comisionado para asuntos con instituciones de la construcci\u00f3n: Juan Carlos Hiray Carballido.<\/p>\n\n\n\n<p>Segundo vocal y comisionado para asuntos con empresas e instituciones empresariales: Juan Manuel Luna Velasco.<\/p>\n\n\n\n<p>Comisionado para asuntos con instituciones afines al gremio el\u00e9ctrico: Jonat\u00e1n Guzm\u00e1n G\u00f3mez.<\/p>\n\n\n\n<p>Comisionado para asuntos con CFE, dependencias gubernamentales y legislativas: Daniel Vel\u00e1squez Osorio.<\/p>\n\n\n\n<p>Comisionado para ingenier\u00edas modernas (salud, movilidad, renovables, TIC\u2019s): Manuel Hern\u00e1ndez Gonz\u00e1lez.<\/p>\n\n\n\n<p>Como parte del acto protocolario, las y los integrantes de la Asociaci\u00f3n recibieron los nombramientos correspondientes.<\/p>\n","protected":false},"excerpt":{"rendered":"<p>Redacci\u00f3n\/Zona Roja. Oaxaca de Ju\u00e1rez, Oax., a 26 de abril de 2024.- La Asociaci\u00f3n Oaxaque\u00f1a&hellip;<\/p>\n","protected":false},"author":2,"featured_media":67687,"comment_status":"closed","ping_status":"open","sticky":false,"template":"","format":"standard","meta":{"_lmt_disableupdate":"","_lmt_disable":"","_jetpack_memberships_contains_paid_content":false,"footnotes":""},"categories":[109,46],"tags":[3918],"class_list":["post-67686","post","type-post","status-publish","format-standard","has-post-thumbnail","hentry","category-minuto-a-minuto","category-zona-blanca","tag-jesus-eusebio-jarquin-bautista"],"jetpack_featured_media_url":"https:\/\/zonaroja.com.mx\/wp-content\/uploads\/2024\/04\/Asociacion-Oaxaquena-de-Constructores-de-Instalaciones-Electricas.jpg","jetpack_sharing_enabled":true,"_links":{"self":[{"href":"https:\/\/zonaroja.com.mx\/index.php?rest_route=\/wp\/v2\/posts\/67686","targetHints":{"allow":["GET"]}}],"collection":[{"href":"https:\/\/zonaroja.com.mx\/index.php?rest_route=\/wp\/v2\/posts"}],"about":[{"href":"https:\/\/zonaroja.com.mx\/index.php?rest_route=\/wp\/v2\/types\/post"}],"author":[{"embeddable":true,"href":"https:\/\/zonaroja.com.mx\/index.php?rest_route=\/wp\/v2\/users\/2"}],"replies":[{"embeddable":true,"href":"https:\/\/zonaroja.com.mx\/index.php?rest_route=%2Fwp%2Fv2%2Fcomments&post=67686"}],"version-history":[{"count":1,"href":"https:\/\/zonaroja.com.mx\/index.php?rest_route=\/wp\/v2\/posts\/67686\/revisions"}],"predecessor-version":[{"id":67688,"href":"https:\/\/zonaroja.com.mx\/index.php?rest_route=\/wp\/v2\/posts\/67686\/revisions\/67688"}],"wp:featuredmedia":[{"embeddable":true,"href":"https:\/\/zonaroja.com.mx\/index.php?rest_route=\/wp\/v2\/media\/67687"}],"wp:attachment":[{"href":"https:\/\/zonaroja.com.mx\/index.php?rest_route=%2Fwp%2Fv2%2Fmedia&parent=67686"}],"wp:term":[{"taxonomy":"category","embeddable":true,"href":"https:\/\/zonaroja.com.mx\/index.php?rest_route=%2Fwp%2Fv2%2Fcategories&post=67686"},{"taxonomy":"post_tag","embeddable":true,"href":"https:\/\/zonaroja.com.mx\/index.php?rest_route=%2Fwp%2Fv2%2Ftags&post=67686"}],"curies":[{"name":"wp","href":"https:\/\/api.w.org\/{rel}","templated":true}]}}