{"id":67689,"date":"2024-04-26T20:24:19","date_gmt":"2024-04-27T02:24:19","guid":{"rendered":"https:\/\/zonaroja.com.mx\/?p=67689"},"modified":"2024-04-26T20:24:21","modified_gmt":"2024-04-27T02:24:21","slug":"persiste-corrupcion-y-violencia-de-genero-en-poder-judicial-de-oaxaca-denuncian","status":"publish","type":"post","link":"https:\/\/zonaroja.com.mx\/?p=67689","title":{"rendered":"Persiste corrupci\u00f3n y violencia de g\u00e9nero en Poder Judicial de Oaxaca, denuncian"},"content":{"rendered":"\n<p>Ismael Garc\u00eda M.\/Zona Roja.<\/p>\n\n\n\n<p>Oaxaca de Ju\u00e1rez, Oax., a 26 de abril de 2024.- Contrario al discurso de la magistrada presidenta Berenice Ram\u00edrez Jim\u00e9nez, en el Poder Judicial de Oaxaca persiste la misoginia, nula perspectiva de g\u00e9nero y la corrupci\u00f3n.<\/p>\n\n\n\n<p>As\u00ed lo se\u00f1al\u00f3 este viernes una v\u00edctima de violencia, Magda Liliana A. C., al realizar una protesta frente a la sede del Consejo de la Judicatura, ubicada en la colonia Reforma de la capital.<\/p>\n\n\n\n<p>Lo anterior, al detallar que finalmente, tras casi un a\u00f1o, el director del Monte de Piedad de Oaxaca, Omar J. J., fue vinculado a proceso, tras las denuncias que interpuso en la Fiscal\u00eda General del Estado, por hostigamiento sexual, cohecho, coalici\u00f3n de servidores p\u00fablicos e intimidaci\u00f3n.<\/p>\n\n\n\n<p>Indic\u00f3 que este \u00faltimo delito se persigue de oficio y que ameritaba prisi\u00f3n preventiva justificada, lo cual no ocurri\u00f3.<\/p>\n\n\n\n<p>\u201cEl hecho de estar protestando en las oficinas del Consejo de la Judicatura es porque le vengo a hacer del conocimiento de magistrada Berenice Ram\u00edrez de lo que est\u00e1 pasando.<\/p>\n\n\n\n<p>\u201cEl mi\u00e9rcoles 24 de abril que fue la audiencia inicial, hubo demasiados atropellos por parte del juez \u00c9dgar David Cruz Santiago. \u00a1C\u00f3mo van a juzgar con perspectiva de g\u00e9nero un delito de g\u00e9nero siendo \u00e9ste juez mis\u00f3gino, corrupto; tengo las pruebas no s\u00f3lo con mi dicho\u201d, relat\u00f3.<\/p>\n\n\n\n<p>Por ello, indic\u00f3, present\u00f3 una queja formal ante la Visitadur\u00eda del Consejo de la Judicatura, lo cual fue a notificar a la presidenta del Poder Judicial, Berenice Ram\u00edrez.<\/p>\n\n\n\n<p>\u201cElla se ha pronunciado en querer cambiar las cosas, en que se tienen que juzgar delitos de g\u00e9nero con perspectiva de g\u00e9nero\u2026 (pero) el juez no conoce esos protocolos\u2026 se me violent\u00f3 y se ridiculiz\u00f3 a mi asesora jur\u00eddica\u201d, a\u00f1adi\u00f3 Magda Liliana.<\/p>\n\n\n\n<p>Dio a conocer que el pr\u00f3ximo lunes el juez deber\u00e1 determinar la situaci\u00f3n jur\u00eddica de Omar J. J., y que deber\u00eda conceder prisi\u00f3n preventiva; no obstante, el funcionario ha gozado de m\u00faltiples privilegios desde el Estado, consider\u00f3.<\/p>\n\n\n\n<p>\u201cEl director del Monte de Piedad tiene que enfrentar la justicia, no como tal, sino que se le tiene que retirar temporalmente de sus funciones\u201d, expuso la joven, pero el juez se neg\u00f3 a ello.<\/p>\n\n\n\n<p>Los hechos sucedieron en enero pasado en que la joven, entonces responsable de la sucursal n\u00famero 8 del Monte de Piedad, en la ciudad de Oaxaca, fue hostigada sexualmente y posteriormente cesada, bajo una serie de acusaciones falsas.<\/p>\n","protected":false},"excerpt":{"rendered":"<p>Ismael Garc\u00eda M.\/Zona Roja. Oaxaca de Ju\u00e1rez, Oax., a 26 de abril de 2024.- Contrario&hellip;<\/p>\n","protected":false},"author":2,"featured_media":67690,"comment_status":"closed","ping_status":"open","sticky":false,"template":"","format":"standard","meta":{"_lmt_disableupdate":"","_lmt_disable":"","_jetpack_memberships_contains_paid_content":false,"footnotes":""},"categories":[109,47],"tags":[3593],"class_list":["post-67689","post","type-post","status-publish","format-standard","has-post-thumbnail","hentry","category-minuto-a-minuto","category-zona-gris","tag-magda-liliana-altamirano-calderon"],"jetpack_featured_media_url":"https:\/\/zonaroja.com.mx\/wp-content\/uploads\/2024\/04\/Magda-Liliana-caso-Monte-de-Piedad.jpg","jetpack_sharing_enabled":true,"_links":{"self":[{"href":"https:\/\/zonaroja.com.mx\/index.php?rest_route=\/wp\/v2\/posts\/67689","targetHints":{"allow":["GET"]}}],"collection":[{"href":"https:\/\/zonaroja.com.mx\/index.php?rest_route=\/wp\/v2\/posts"}],"about":[{"href":"https:\/\/zonaroja.com.mx\/index.php?rest_route=\/wp\/v2\/types\/post"}],"author":[{"embeddable":true,"href":"https:\/\/zonaroja.com.mx\/index.php?rest_route=\/wp\/v2\/users\/2"}],"replies":[{"embeddable":true,"href":"https:\/\/zonaroja.com.mx\/index.php?rest_route=%2Fwp%2Fv2%2Fcomments&post=67689"}],"version-history":[{"count":1,"href":"https:\/\/zonaroja.com.mx\/index.php?rest_route=\/wp\/v2\/posts\/67689\/revisions"}],"predecessor-version":[{"id":67691,"href":"https:\/\/zonaroja.com.mx\/index.php?rest_route=\/wp\/v2\/posts\/67689\/revisions\/67691"}],"wp:featuredmedia":[{"embeddable":true,"href":"https:\/\/zonaroja.com.mx\/index.php?rest_route=\/wp\/v2\/media\/67690"}],"wp:attachment":[{"href":"https:\/\/zonaroja.com.mx\/index.php?rest_route=%2Fwp%2Fv2%2Fmedia&parent=67689"}],"wp:term":[{"taxonomy":"category","embeddable":true,"href":"https:\/\/zonaroja.com.mx\/index.php?rest_route=%2Fwp%2Fv2%2Fcategories&post=67689"},{"taxonomy":"post_tag","embeddable":true,"href":"https:\/\/zonaroja.com.mx\/index.php?rest_route=%2Fwp%2Fv2%2Ftags&post=67689"}],"curies":[{"name":"wp","href":"https:\/\/api.w.org\/{rel}","templated":true}]}}