{"id":67692,"date":"2024-04-26T21:36:33","date_gmt":"2024-04-27T03:36:33","guid":{"rendered":"https:\/\/zonaroja.com.mx\/?p=67692"},"modified":"2024-04-26T21:36:35","modified_gmt":"2024-04-27T03:36:35","slug":"matan-a-individuo-en-zona-conurbada-de-oaxaca-capital-otro-en-el-istmo","status":"publish","type":"post","link":"https:\/\/zonaroja.com.mx\/?p=67692","title":{"rendered":"Matan a individuo en zona conurbada de Oaxaca capital; otro en el Istmo"},"content":{"rendered":"\n<p>Raymundo Morales\/Zona Roja.<\/p>\n\n\n\n<p>Oaxaca de Ju\u00e1rez, Oax., a 26 de abril de 2024.- Una persona del sexo masculino fue ejecutada a balazos en el interior de un restaurante ubicado en la zona conurbada oriente de la ciudad de Oaxaca; otro individuo m\u00e1s habr\u00eda resultado lesionado.<\/p>\n\n\n\n<p>Los hechos ocurrieron minutos antes de las 18:00 horas en el hotel restaurante \u201cCasa Fontana\u201d, a un costado de la carretera federal 190 Oaxaca-Istmo, jurisdicci\u00f3n del municipio de San Sebasti\u00e1n Tutla y cerca del crucero del monumento a don Benito Ju\u00e1rez.<\/p>\n\n\n\n<p>Presuntamente al menos dos sujetos a bordo de una unidad de motor arribaron al local y dispararon directamente en contra de los comensales, uno de los cuales muri\u00f3 al instante y otro result\u00f3 con rozones, pero se neg\u00f3 a recibir atenci\u00f3n m\u00e9dica por parte de la ambulancia de Tutla que lleg\u00f3 al lugar.<\/p>\n\n\n\n<p>La v\u00edctima fue identificada de manera preliminar como Ricardo M., de aproximadamente 59 a\u00f1os de edad. Personal de la Fiscal\u00eda General del Estado de Oaxaca inici\u00f3 la carpeta de investigaci\u00f3n correspondiente.<\/p>\n\n\n\n<p>EN TEQUISISTL\u00c1N<\/p>\n\n\n\n<p>Por otra parte, anoche un individuo fue asesinado a balazos a un costado de la carretera federal 190 Oaxaca-Istmo, jurisdicci\u00f3n del municipio de Magdalena Tequisistl\u00e1n.<\/p>\n\n\n\n<p>Presuntamente la v\u00edctima conduc\u00eda una camioneta marca Jeep y era perseguida por otra unidad de motor; tras recibir varios impactos de arma de fuego, la unidad de motor se sali\u00f3 de la cinta asf\u00e1ltica.<\/p>\n\n\n\n<p>Le hoy occiso fue identificado como Jeh\u00fa G. L., originario de La Venta, agencia del municipio de Juchit\u00e1n de Zaragoza, y hasta el momento se desconoce las causas del crimen.<\/p>\n","protected":false},"excerpt":{"rendered":"<p>Raymundo Morales\/Zona Roja. Oaxaca de Ju\u00e1rez, Oax., a 26 de abril de 2024.- Una persona&hellip;<\/p>\n","protected":false},"author":2,"featured_media":67693,"comment_status":"closed","ping_status":"open","sticky":false,"template":"","format":"standard","meta":{"_lmt_disableupdate":"","_lmt_disable":"","_jetpack_memberships_contains_paid_content":false,"footnotes":""},"categories":[109,51],"tags":[2828,1116],"class_list":["post-67692","post","type-post","status-publish","format-standard","has-post-thumbnail","hentry","category-minuto-a-minuto","category-zona-roja","tag-magdalena-tequisistlan","tag-san-sebastian-tutla"],"jetpack_featured_media_url":"https:\/\/zonaroja.com.mx\/wp-content\/uploads\/2024\/04\/Asesinado-San-Sebastian-Tutla.jpg","jetpack_sharing_enabled":true,"_links":{"self":[{"href":"https:\/\/zonaroja.com.mx\/index.php?rest_route=\/wp\/v2\/posts\/67692","targetHints":{"allow":["GET"]}}],"collection":[{"href":"https:\/\/zonaroja.com.mx\/index.php?rest_route=\/wp\/v2\/posts"}],"about":[{"href":"https:\/\/zonaroja.com.mx\/index.php?rest_route=\/wp\/v2\/types\/post"}],"author":[{"embeddable":true,"href":"https:\/\/zonaroja.com.mx\/index.php?rest_route=\/wp\/v2\/users\/2"}],"replies":[{"embeddable":true,"href":"https:\/\/zonaroja.com.mx\/index.php?rest_route=%2Fwp%2Fv2%2Fcomments&post=67692"}],"version-history":[{"count":1,"href":"https:\/\/zonaroja.com.mx\/index.php?rest_route=\/wp\/v2\/posts\/67692\/revisions"}],"predecessor-version":[{"id":67694,"href":"https:\/\/zonaroja.com.mx\/index.php?rest_route=\/wp\/v2\/posts\/67692\/revisions\/67694"}],"wp:featuredmedia":[{"embeddable":true,"href":"https:\/\/zonaroja.com.mx\/index.php?rest_route=\/wp\/v2\/media\/67693"}],"wp:attachment":[{"href":"https:\/\/zonaroja.com.mx\/index.php?rest_route=%2Fwp%2Fv2%2Fmedia&parent=67692"}],"wp:term":[{"taxonomy":"category","embeddable":true,"href":"https:\/\/zonaroja.com.mx\/index.php?rest_route=%2Fwp%2Fv2%2Fcategories&post=67692"},{"taxonomy":"post_tag","embeddable":true,"href":"https:\/\/zonaroja.com.mx\/index.php?rest_route=%2Fwp%2Fv2%2Ftags&post=67692"}],"curies":[{"name":"wp","href":"https:\/\/api.w.org\/{rel}","templated":true}]}}