{"id":67696,"date":"2024-04-27T06:24:14","date_gmt":"2024-04-27T12:24:14","guid":{"rendered":"https:\/\/zonaroja.com.mx\/?p=67696"},"modified":"2024-04-27T06:24:16","modified_gmt":"2024-04-27T12:24:16","slug":"tras-secuestro-asesinan-a-periodista-en-morelos","status":"publish","type":"post","link":"https:\/\/zonaroja.com.mx\/?p=67696","title":{"rendered":"Tras secuestro, asesinan a periodista en Morelos"},"content":{"rendered":"\n<p>Redacci\u00f3n\/Zona Roja Cdmx. Foto: Animal Pol\u00edtico.<\/p>\n\n\n\n<p>Ciudad de M\u00e9xico, a 27 de abril de 2024.- La noche de este viernes fue localizado sin vida el periodista Roberto Carlos Figueroa, junto a otra persona, cuyos cuerpos fueron hallados&nbsp;a un costado de la carretera federal M\u00e9xico-Cuernavaca.<\/p>\n\n\n\n<p>De acuerdo con la agencia de noticias Quadrat\u00edn, el tambi\u00e9n creador de contenidos y productor del programa \u201cAc\u00e1 en el Show\u201d, fue privado de su libertad despu\u00e9s de dejar a sus hijos cerca de las 07:00 horas de este mismo 26 de abril.<\/p>\n\n\n\n<p>Horas m\u00e1s tarde, su esposa recibi\u00f3 un par de llamadas desde el tel\u00e9fono de Roberto Figueroa, donde le exigieron que reuniera&nbsp;cierta cantidad de dinero para&nbsp;su rescate.<\/p>\n\n\n\n<p>Tras ello, la mujer acudi\u00f3 a la Fiscal\u00eda Especializada en Delitos de Alto Impacto a denunciar lo ocurrido, por lo que fue asistida por agentes de investigaci\u00f3n, quienes la acompa\u00f1aron en las negociaciones y dejar el monto recaudado en el municipio de Ocuilan, Estado de M\u00e9xico.<\/p>\n\n\n\n<p>Pese a que los presuntos secuestradores afirmaron que encontrar\u00eda al periodista con vida en un Paraje de Coajomulco, no fue hasta un fuerte despliegue operativo que las autoridades hallaron el cuerpo del comunicador sin vida.<\/p>\n\n\n\n<p>Roberto Carlos Figueroa fue hallado la noche de este viernes al interior de un veh\u00edculo color blanco en un camino de terracer\u00eda del poblado de Coajomulco, municipio de Huitzilac, y presentaba un impacto de arma de fuego en la cabeza. Adem\u00e1s del periodista, las autoridades tambi\u00e9n encontraron el cad\u00e1ver de otro hombre del cual, hasta el momento, se desconoce su identidad.<\/p>\n\n\n\n<p>CONDENAN CRIMEN<\/p>\n\n\n\n<p>Despu\u00e9s de que se dieran a conocer los lamentables hechos, el gobierno de Morelos emiti\u00f3 un breve pronunciamiento al respecto, a trav\u00e9s de sus redes sociales, donde conden\u00f3 el asesinato de Roberto Figueroa.<\/p>\n\n\n\n<p>Asimismo, exigi\u00f3 a la Fiscal\u00eda General del Estado a que inicie las investigaciones correspondientes a fin de dar con los responsables de arrebatarle la vida al creador de contenido.<\/p>\n\n\n\n<p>\u201cEl Gobierno del Estado de Morelos condena los hechos que lamentablemente privaron de la vida al reportero y productor de contenidos, Roberto Figueroa esta tarde.<\/p>\n\n\n\n<p>Hace un llamado a las autoridades de la Fiscal\u00eda General del Estado para que lleven a cabo las investigaciones correspondientes para dar con el o los responsables. Cabe se\u00f1alar que desde la Comisi\u00f3n de Atenci\u00f3n a V\u00edctimas se otorgar\u00e1 acompa\u00f1amiento a los familiares\u201d, escribi\u00f3.<\/p>\n\n\n\n<p>(Informaci\u00f3n de Radio F\u00f3rmula)<\/p>\n","protected":false},"excerpt":{"rendered":"<p>Redacci\u00f3n\/Zona Roja Cdmx. Foto: Animal Pol\u00edtico. Ciudad de M\u00e9xico, a 27 de abril de 2024.-&hellip;<\/p>\n","protected":false},"author":2,"featured_media":67697,"comment_status":"closed","ping_status":"open","sticky":false,"template":"","format":"standard","meta":{"_lmt_disableupdate":"","_lmt_disable":"","_jetpack_memberships_contains_paid_content":false,"footnotes":""},"categories":[109,51],"tags":[1016],"class_list":["post-67696","post","type-post","status-publish","format-standard","has-post-thumbnail","hentry","category-minuto-a-minuto","category-zona-roja","tag-asesinato-de-periodistas-en-mexico"],"jetpack_featured_media_url":"https:\/\/zonaroja.com.mx\/wp-content\/uploads\/2024\/04\/Asesinan-a-periodista-en-Morelos.jpeg","jetpack_sharing_enabled":true,"_links":{"self":[{"href":"https:\/\/zonaroja.com.mx\/index.php?rest_route=\/wp\/v2\/posts\/67696","targetHints":{"allow":["GET"]}}],"collection":[{"href":"https:\/\/zonaroja.com.mx\/index.php?rest_route=\/wp\/v2\/posts"}],"about":[{"href":"https:\/\/zonaroja.com.mx\/index.php?rest_route=\/wp\/v2\/types\/post"}],"author":[{"embeddable":true,"href":"https:\/\/zonaroja.com.mx\/index.php?rest_route=\/wp\/v2\/users\/2"}],"replies":[{"embeddable":true,"href":"https:\/\/zonaroja.com.mx\/index.php?rest_route=%2Fwp%2Fv2%2Fcomments&post=67696"}],"version-history":[{"count":1,"href":"https:\/\/zonaroja.com.mx\/index.php?rest_route=\/wp\/v2\/posts\/67696\/revisions"}],"predecessor-version":[{"id":67698,"href":"https:\/\/zonaroja.com.mx\/index.php?rest_route=\/wp\/v2\/posts\/67696\/revisions\/67698"}],"wp:featuredmedia":[{"embeddable":true,"href":"https:\/\/zonaroja.com.mx\/index.php?rest_route=\/wp\/v2\/media\/67697"}],"wp:attachment":[{"href":"https:\/\/zonaroja.com.mx\/index.php?rest_route=%2Fwp%2Fv2%2Fmedia&parent=67696"}],"wp:term":[{"taxonomy":"category","embeddable":true,"href":"https:\/\/zonaroja.com.mx\/index.php?rest_route=%2Fwp%2Fv2%2Fcategories&post=67696"},{"taxonomy":"post_tag","embeddable":true,"href":"https:\/\/zonaroja.com.mx\/index.php?rest_route=%2Fwp%2Fv2%2Ftags&post=67696"}],"curies":[{"name":"wp","href":"https:\/\/api.w.org\/{rel}","templated":true}]}}