{"id":67702,"date":"2024-04-27T11:00:00","date_gmt":"2024-04-27T17:00:00","guid":{"rendered":"https:\/\/zonaroja.com.mx\/?p=67702"},"modified":"2024-04-27T07:32:21","modified_gmt":"2024-04-27T13:32:21","slug":"padres-y-madres-de-estudiantes-de-ayotzinapa-instalan-planton-en-la-cdmx","status":"publish","type":"post","link":"https:\/\/zonaroja.com.mx\/?p=67702","title":{"rendered":"Padres y madres de estudiantes de Ayotzinapa instalan \u201cplant\u00f3n\u201d en la Cdmx"},"content":{"rendered":"\n<p>Redacci\u00f3n\/Zona Roja Cdmx.<\/p>\n\n\n\n<p>Ciudad de M\u00e9xico, a 27 de abril de 2024. Los padres y madres de los 43 normalistas de Ayotzinapa desaparecidos en 2014 instalaron este viernes un nuevo \u201cplant\u00f3n\u201d frente a Palacio Nacional, para exigir que se establezca a la brevedad una mesa de di\u00e1logo con el Presidente Andr\u00e9s Manuel L\u00f3pez Obrador, antes de las elecciones del 2 de junio.<\/p>\n\n\n\n<p>Como parte de la 115 Acci\u00f3n Global por Ayotzinapa, las familias de los j\u00f3venes demandaron al gobierno federal dar a conocer los avances de las indagatorias sobre los hechos ocurridos el 26 y 27 de septiembre de 2014 en Iguala, Guerrero, y reiteraron su petici\u00f3n de que el Ej\u00e9rcito entregue los 866 folios que tiene en su poder, los que -dijeron- son fundamentales para conocer el paradero de sus hijos y abrir nuevas l\u00edneas de investigaci\u00f3n.<\/p>\n\n\n\n<p>Melit\u00f3n Ortega, vocero de las familias, rechaz\u00f3 la propuesta del mandatario de reunirse el 3 de junio. \u201cLe decimos al presidente que no estamos de acuerdo con lo que expone desde su ma\u00f1anera, que la reuni\u00f3n tiene que llevarse a cabo despu\u00e9s de las votaciones; y como lo hemos dicho, no somos actores pol\u00edticos, no estamos a favor de alg\u00fan partido, sino de que haya justicia\u201d.<\/p>\n\n\n\n<p>\u201cNos hemos enterado por las ma\u00f1aneras diciendo que nos va a recibir hasta el 3 de junio. Queremos que nos reciba antes\u201d, extern\u00f3 Cristina Bautista, madre del normalista desaparecido Benjamin Ascencio.<\/p>\n\n\n\n<p>Tras recordar que el pasado 6 de marzo, cuando levantaron el anterior \u201cplant\u00f3n\u201d, el titular del Ejecutivo federal se hab\u00eda comprometi\u00f3 en un plazo de entre 15 a 20 d\u00edas, acus\u00f3 que no fue as\u00ed y se vieron obligados a instalar otra vez el \u2018plant\u00f3n\u2019, para \u201csaber c\u00f3mo van las investigaciones, c\u00f3mo van las b\u00fasquedas, por eso estamos aqu\u00ed de nuevo\u201d.<\/p>\n\n\n\n<p>Isidoro Vicario, abogado de las familias, critic\u00f3 que a\u00fan no se restablezca el di\u00e1logo con los padres; la \u00faltima vez que se reunieron con el mandatario fue en septiembre de 2023. Indic\u00f3 que tampoco han recibido una notificaci\u00f3n formal a su solicitud de audiencia del 6 de marzo pasado.<\/p>\n\n\n\n<p>Despu\u00e9s de marchar desde el \u00c1ngel de la Independencia, acompa\u00f1ados de estudiantes normalistas y organizaciones, los padres y madres de los 43 estudiantes desaparecidos de Ayotzinapa realizaron un mitin frente a Palacio Nacional, en donde junto a las vallas met\u00e1licas, colocaron al menos dos carpas, que hasta esta noche segu\u00edan instalando.<\/p>\n\n\n\n<p>En esta ocasi\u00f3n se prev\u00e9 que la jornada de lucha dure seis, pues culminar\u00e1 el 1 de mayo con una movilizaci\u00f3n masiva en Guerrero y en la Ciudad de M\u00e9xico.<\/p>\n\n\n\n<p>(Informaci\u00f3n de \u201cLa Jornada\u201d)<\/p>\n","protected":false},"excerpt":{"rendered":"<p>Redacci\u00f3n\/Zona Roja Cdmx. Ciudad de M\u00e9xico, a 27 de abril de 2024. Los padres y&hellip;<\/p>\n","protected":false},"author":2,"featured_media":67703,"comment_status":"closed","ping_status":"open","sticky":false,"template":"","format":"standard","meta":{"_lmt_disableupdate":"","_lmt_disable":"","_jetpack_memberships_contains_paid_content":false,"footnotes":""},"categories":[109,47],"tags":[823],"class_list":["post-67702","post","type-post","status-publish","format-standard","has-post-thumbnail","hentry","category-minuto-a-minuto","category-zona-gris","tag-desaparecidos-ayotzinapa-guerrero"],"jetpack_featured_media_url":"https:\/\/zonaroja.com.mx\/wp-content\/uploads\/2024\/04\/Planton-Ayotzinapa-en-Palacio-Nacional.jpeg","jetpack_sharing_enabled":true,"_links":{"self":[{"href":"https:\/\/zonaroja.com.mx\/index.php?rest_route=\/wp\/v2\/posts\/67702","targetHints":{"allow":["GET"]}}],"collection":[{"href":"https:\/\/zonaroja.com.mx\/index.php?rest_route=\/wp\/v2\/posts"}],"about":[{"href":"https:\/\/zonaroja.com.mx\/index.php?rest_route=\/wp\/v2\/types\/post"}],"author":[{"embeddable":true,"href":"https:\/\/zonaroja.com.mx\/index.php?rest_route=\/wp\/v2\/users\/2"}],"replies":[{"embeddable":true,"href":"https:\/\/zonaroja.com.mx\/index.php?rest_route=%2Fwp%2Fv2%2Fcomments&post=67702"}],"version-history":[{"count":2,"href":"https:\/\/zonaroja.com.mx\/index.php?rest_route=\/wp\/v2\/posts\/67702\/revisions"}],"predecessor-version":[{"id":67708,"href":"https:\/\/zonaroja.com.mx\/index.php?rest_route=\/wp\/v2\/posts\/67702\/revisions\/67708"}],"wp:featuredmedia":[{"embeddable":true,"href":"https:\/\/zonaroja.com.mx\/index.php?rest_route=\/wp\/v2\/media\/67703"}],"wp:attachment":[{"href":"https:\/\/zonaroja.com.mx\/index.php?rest_route=%2Fwp%2Fv2%2Fmedia&parent=67702"}],"wp:term":[{"taxonomy":"category","embeddable":true,"href":"https:\/\/zonaroja.com.mx\/index.php?rest_route=%2Fwp%2Fv2%2Fcategories&post=67702"},{"taxonomy":"post_tag","embeddable":true,"href":"https:\/\/zonaroja.com.mx\/index.php?rest_route=%2Fwp%2Fv2%2Ftags&post=67702"}],"curies":[{"name":"wp","href":"https:\/\/api.w.org\/{rel}","templated":true}]}}