{"id":67710,"date":"2024-04-27T11:33:00","date_gmt":"2024-04-27T17:33:00","guid":{"rendered":"https:\/\/zonaroja.com.mx\/?p=67710"},"modified":"2024-04-27T07:36:30","modified_gmt":"2024-04-27T13:36:30","slug":"en-mexico-se-violan-los-derechos-humanos-todos-los-dias-acusa-amnistia-internacional","status":"publish","type":"post","link":"https:\/\/zonaroja.com.mx\/?p=67710","title":{"rendered":"En M\u00e9xico se violan los derechos humanos todos los d\u00edas, acusa Amnist\u00eda Internacional"},"content":{"rendered":"\n<p>Redacci\u00f3n\/Zona Roja Cdmx.<\/p>\n\n\n\n<p>Ciudad de M\u00e9xico, a 27 de abril de 2024.- Estamos viviendo retrocesos muy fuertes en materia de derechos humanos en M\u00e9xico, reclam\u00f3 Edith Olivares Ferreto, directora ejecutiva de Amnist\u00eda Internacional en M\u00e9xico.<\/p>\n\n\n\n<p>Durante la presentaci\u00f3n del Informe Anual 2023-2024 sobre la situaci\u00f3n de derechos humanos en M\u00e9xico, Olivares reclam\u00f3 que hay cr\u00edmenes que se siguen presentando por la falta de acci\u00f3n por parte del gobierno para evitarlos.<\/p>\n\n\n\n<p>\u201cA pesar de los avances en legislaci\u00f3n, en instituciones que se crean para atender estas violaciones a derechos humanos, los feminicidios no cesan, las desapariciones no cesan porque el Estado no tiene una pol\u00edtica p\u00fablica de prevenci\u00f3n\u201d, reclam\u00f3.<\/p>\n\n\n\n<p>Adem\u00e1s, se\u00f1al\u00f3 que \u201ctenemos instituciones que son como cascarones vac\u00edos, y mientras sigamos teniendo eso en las comisiones de derechos humanos, en el mecanismo de protecci\u00f3n, en la Secretar\u00eda de Gobernaci\u00f3n, en institutos para mujeres, vamos a continuar estando as\u00ed, denunciando violaciones\u201d.<\/p>\n\n\n\n<p>Por otro lado, Olivares lament\u00f3 que el presidente L\u00f3pez Obrador haya mantenido una actitud cerrada hacia las organizaciones, y solt\u00f3 que es de los pocos presidentes en Am\u00e9rica que no han recibido a AI en lo que va de su mandato.<\/p>\n\n\n\n<p>Este patr\u00f3n se repite con otras entidades, ya que, seg\u00fan la directora ejecutiva, en los \u00faltimos a\u00f1os ha aumentado la resistencia de las autoridades de escuchar a la sociedad civil. \u201cLo que s\u00ed hemos visto es que en los \u00faltimos a\u00f1os se est\u00e1 incrementando la resistencia de las autoridades a atender y escuchar a las organizaciones de la sociedad civil\u201d, apunt\u00f3.<\/p>\n\n\n\n<p>Agreg\u00f3 que \u201clas mujeres buscadoras en M\u00e9xico est\u00e1n exigiendo, est\u00e1n casi rogando a la Presidencia que les atiendan, y no son atendidas\u201d.<\/p>\n\n\n\n<p>Olivares tambi\u00e9n afirm\u00f3 que hay preocupaci\u00f3n en AI por la Ley de Amnist\u00eda, ya que se le puede dar un mal uso, por lo que pidi\u00f3 regulaciones que establezcan c\u00f3mo se va a aplicar.<\/p>\n\n\n\n<p>Antes, Olivares Ferreto reclam\u00f3 que persisten las violaciones de derechos humanos en el pa\u00eds, ya que \u00e9stas se presentan todos los d\u00edas.<\/p>\n\n\n\n<p>\u201cEn M\u00e9xico se violan derechos humanos todos los d\u00edas:&nbsp; todos los d\u00edas son desaparecidas personas; son atacadas y amenazadas las mujeres que buscan a sus familiares; diariamente son asesinadas alrededor de 10 mujeres; las familias de las v\u00edctimas de feminicidio viven diariamente la violencia institucional; periodistas y personas defensoras de derechos humanos son atacados y amenazados (sic) por su labor\u201d, sentenci\u00f3.<\/p>\n\n\n\n<p>Asimismo, sostuvo que M\u00e9xico sigue siendo el pa\u00eds m\u00e1s peligroso para los periodistas en el hemisferio occidental, esto por los, al menos, cinco asesinatos que se contabilizaron el a\u00f1o pasado.<\/p>\n\n\n\n<p>Adem\u00e1s, la directora lament\u00f3 que estos riesgos se vean incrementados desde la m\u00e1xima tribuna del pa\u00eds todos los d\u00edas. \u201cLa desigualdad, la corrupci\u00f3n y la impunidad contin\u00faan imperando en el pa\u00eds, y como si todo esto fuera poco, el pan nuestro de cada ma\u00f1anera (del presidente L\u00f3pez Obrador) son los ataques a las organizaciones de la sociedad civil, a periodistas, o cualquier organizaci\u00f3n colectiva que disienta m\u00ednimamente de las decisiones gubernamentales\u201d.<\/p>\n\n\n\n<p>Por esto, se\u00f1al\u00f3 que para este a\u00f1o, M\u00e9xico tiene que prestar especial atenci\u00f3n a los actos del gobierno que ponen en riesgo las garant\u00edas de las personas.<\/p>\n\n\n\n<p>\u201cEste 2024 viene con enormes retos en materia de derechos humanos para nuestro pa\u00eds, miles de personas siguen siendo v\u00edctimas de la violencia del Estado y de los grupos criminales, las personas que ejercen el periodismo y la defensa de los derechos humanos hacen frente a grandes riesgos, ataques y amenazas\u201d, indic\u00f3.<\/p>\n\n\n\n<p>(Informaci\u00f3n de \u201cEl Financiero\u201d)<\/p>\n","protected":false},"excerpt":{"rendered":"<p>Redacci\u00f3n\/Zona Roja Cdmx. Ciudad de M\u00e9xico, a 27 de abril de 2024.- Estamos viviendo retrocesos&hellip;<\/p>\n","protected":false},"author":2,"featured_media":67711,"comment_status":"closed","ping_status":"open","sticky":false,"template":"","format":"standard","meta":{"_lmt_disableupdate":"","_lmt_disable":"","_jetpack_memberships_contains_paid_content":false,"footnotes":""},"categories":[109,47],"tags":[2248],"class_list":["post-67710","post","type-post","status-publish","format-standard","has-post-thumbnail","hentry","category-minuto-a-minuto","category-zona-gris","tag-amnistia-internacional-ai"],"jetpack_featured_media_url":"https:\/\/zonaroja.com.mx\/wp-content\/uploads\/2024\/04\/Amnistia-Internacional.jpeg","jetpack_sharing_enabled":true,"_links":{"self":[{"href":"https:\/\/zonaroja.com.mx\/index.php?rest_route=\/wp\/v2\/posts\/67710","targetHints":{"allow":["GET"]}}],"collection":[{"href":"https:\/\/zonaroja.com.mx\/index.php?rest_route=\/wp\/v2\/posts"}],"about":[{"href":"https:\/\/zonaroja.com.mx\/index.php?rest_route=\/wp\/v2\/types\/post"}],"author":[{"embeddable":true,"href":"https:\/\/zonaroja.com.mx\/index.php?rest_route=\/wp\/v2\/users\/2"}],"replies":[{"embeddable":true,"href":"https:\/\/zonaroja.com.mx\/index.php?rest_route=%2Fwp%2Fv2%2Fcomments&post=67710"}],"version-history":[{"count":1,"href":"https:\/\/zonaroja.com.mx\/index.php?rest_route=\/wp\/v2\/posts\/67710\/revisions"}],"predecessor-version":[{"id":67712,"href":"https:\/\/zonaroja.com.mx\/index.php?rest_route=\/wp\/v2\/posts\/67710\/revisions\/67712"}],"wp:featuredmedia":[{"embeddable":true,"href":"https:\/\/zonaroja.com.mx\/index.php?rest_route=\/wp\/v2\/media\/67711"}],"wp:attachment":[{"href":"https:\/\/zonaroja.com.mx\/index.php?rest_route=%2Fwp%2Fv2%2Fmedia&parent=67710"}],"wp:term":[{"taxonomy":"category","embeddable":true,"href":"https:\/\/zonaroja.com.mx\/index.php?rest_route=%2Fwp%2Fv2%2Fcategories&post=67710"},{"taxonomy":"post_tag","embeddable":true,"href":"https:\/\/zonaroja.com.mx\/index.php?rest_route=%2Fwp%2Fv2%2Ftags&post=67710"}],"curies":[{"name":"wp","href":"https:\/\/api.w.org\/{rel}","templated":true}]}}