{"id":67713,"date":"2024-04-27T13:36:00","date_gmt":"2024-04-27T19:36:00","guid":{"rendered":"https:\/\/zonaroja.com.mx\/?p=67713"},"modified":"2024-04-27T07:45:29","modified_gmt":"2024-04-27T13:45:29","slug":"detiene-fiscalia-a-dos-sujetos-acusados-de-secuestro-en-la-costa-de-oaxaca","status":"publish","type":"post","link":"https:\/\/zonaroja.com.mx\/?p=67713","title":{"rendered":"Detiene Fiscal\u00eda a dos sujetos acusados de secuestro en la Costa de Oaxaca"},"content":{"rendered":"\n<p>Redacci\u00f3n\/Zona Roja.<\/p>\n\n\n\n<p>Oaxaca de Ju\u00e1rez, Oax., a 27 de abril de 2024.- Como parte de las labores de investigaci\u00f3n ministerial para el combate de los delitos de alto impacto, la Fiscal\u00eda General del Estado de Oaxaca (FGEO) ejecut\u00f3 una orden de aprehensi\u00f3n contra dos personas del sexo masculino identificadas como E.L.M. y D.C.C., por el delito de Secuestro Agravado, cometido en la regi\u00f3n de la Costa.<\/p>\n\n\n\n<p>De acuerdo con la denuncia presentada, la v\u00edctima fue interceptada por un grupo de personas el 18 de enero de 2023, en inmediaciones del paraje Cerro de la Vieja de Bajos de Chila en San Pedro Mixtepec, para despu\u00e9s trasladarlo a otro paraje de ese mismo municipio, lugar donde permaneci\u00f3 en cautiverio.<\/p>\n\n\n\n<p>El expediente de la denuncia precisa que contactaron a los familiares de la v\u00edctima para pedir una fuerte suma de dinero a cambio de su liberaci\u00f3n.<\/p>\n\n\n\n<p>Derivado de las investigaciones a cargo de la Unidad Especializada de Combate al Secuestro (UECS) y la Vicefiscal\u00eda Regional de la Costa, se obtuvo una orden de aprehensi\u00f3n contra E.L.M., y D.C.C., quienes fueron detenidos para despu\u00e9s quedar a disposici\u00f3n de la autoridad ministerial correspondiente.<\/p>\n\n\n\n<p>OTRO DELINCUENTE<\/p>\n\n\n\n<p>En tanto, como parte de sus acciones permanentes en el combate a la delincuencia, la Fiscal\u00eda General ejecut\u00f3 una orden de aprehensi\u00f3n en contra de la persona del sexo masculino identificada como A.M.L., alias \u201cEl Werin\u201d, quien estar\u00eda probablemente relacionado con un grupo criminal que realizaba actividades delictivas de alto impacto en la regi\u00f3n del Istmo de Tehuantepec.<\/p>\n\n\n\n<p>El mandato judicial fue ejecutado por equipo multidisciplinario encabezado por elementos de la Agencia Estatal de Investigaciones (AEI), quienes se dieron a la tarea de dar con el paradero de A.M.L., alias \u201cEl Werin\u201d.&nbsp;<\/p>\n\n\n\n<p>De acuerdo con la causa penal, la orden de aprehensi\u00f3n en contra de A.M.L., alias \u201cEl Werin\u201d, se ejecut\u00f3 por el delito de Homicidio Calificado con Ventaja, adem\u00e1s que se investiga si existe relaci\u00f3n con un grupo criminal identificado como uno de los principales generadores de violencia en la zona.<\/p>\n\n\n\n<p>Ante estos hechos, la Fiscal\u00eda de Oaxaca inici\u00f3 las investigaciones correspondientes a trav\u00e9s de la Vicefiscal\u00eda Regional del Istmo, que realiz\u00f3 las primeras indagatorias correspondientes que dieron como resultado la detenci\u00f3n de A.M.L., alias \u201cEl Werin\u201d, quien fue puesto a disposici\u00f3n de la autoridad ministerial correspondiente para determinar su situaci\u00f3n jur\u00eddica.<\/p>\n\n\n\n<p>MUJER VIOLENTA<\/p>\n\n\n\n<p>En otro caso, la Fiscal\u00eda General obtuvo sentencia condenatoria en contra de una persona del sexo femenino identificada como S.E.M.C., responsable en la comisi\u00f3n del delito de Violencia Familiar, hechos ocurridos en la regi\u00f3n de la Mixteca.<\/p>\n\n\n\n<p>De acuerdo con el expediente penal, los hechos ocurrieron el 16 de agosto de 2019, cuando la v\u00edctima -un menor de edad cuya identidad est\u00e1 reservada por ley- fue agredido f\u00edsicamente mientras se encontraba jugando en el interior de un domicilio ubicado en la calle Reforma, en la agencia La Estancia del municipio de Huajuapan de Le\u00f3n, infligiendo lesiones en diversas partes del cuerpo.<\/p>\n\n\n\n<p>La Fiscal\u00eda General del Estado de Oaxaca recibi\u00f3 la denuncia y, a trav\u00e9s de la Viscefiscal\u00eda Regional de la Mixteca, inici\u00f3 las indagatorias correspondientes que permitieron ejecutar la orden de aprehensi\u00f3n en contra de S.E.M.C., para presentarla ante el Juez que la requiri\u00f3.<\/p>\n\n\n\n<p>Luego de evaluar los datos de prueba aportados por la FGEO, el 15 de abril de 2024, en audiencia de debate, el Juez determin\u00f3 imponer una pena de tres a\u00f1os de prisi\u00f3n, misma que contempla el art\u00edculo 405 del C\u00f3digo Penal Vigente en el Estado de Oaxaca, as\u00ed como el pago de una multa y la reparaci\u00f3n del da\u00f1o.<\/p>\n\n\n\n<p>La Fiscal\u00eda de Oaxaca est\u00e1 comprometida con brindar resultados eficaces a las v\u00edctimas del delito de violencia familiar, por ello, realiza investigaciones con perspectiva de g\u00e9nero que permitan brindar una atenci\u00f3n integral a las v\u00edctimas.<\/p>\n","protected":false},"excerpt":{"rendered":"<p>Redacci\u00f3n\/Zona Roja. Oaxaca de Ju\u00e1rez, Oax., a 27 de abril de 2024.- Como parte de&hellip;<\/p>\n","protected":false},"author":2,"featured_media":67714,"comment_status":"closed","ping_status":"open","sticky":false,"template":"","format":"standard","meta":{"_lmt_disableupdate":"","_lmt_disable":"","_jetpack_memberships_contains_paid_content":false,"footnotes":""},"categories":[109,46],"tags":[494],"class_list":["post-67713","post","type-post","status-publish","format-standard","has-post-thumbnail","hentry","category-minuto-a-minuto","category-zona-blanca","tag-fiscalia-general-del-estado-de-oaxaca"],"jetpack_featured_media_url":"https:\/\/zonaroja.com.mx\/wp-content\/uploads\/2024\/04\/Detenidos-por-secuestro-Oaxaca-Fiscalia.jpg","jetpack_sharing_enabled":true,"_links":{"self":[{"href":"https:\/\/zonaroja.com.mx\/index.php?rest_route=\/wp\/v2\/posts\/67713","targetHints":{"allow":["GET"]}}],"collection":[{"href":"https:\/\/zonaroja.com.mx\/index.php?rest_route=\/wp\/v2\/posts"}],"about":[{"href":"https:\/\/zonaroja.com.mx\/index.php?rest_route=\/wp\/v2\/types\/post"}],"author":[{"embeddable":true,"href":"https:\/\/zonaroja.com.mx\/index.php?rest_route=\/wp\/v2\/users\/2"}],"replies":[{"embeddable":true,"href":"https:\/\/zonaroja.com.mx\/index.php?rest_route=%2Fwp%2Fv2%2Fcomments&post=67713"}],"version-history":[{"count":1,"href":"https:\/\/zonaroja.com.mx\/index.php?rest_route=\/wp\/v2\/posts\/67713\/revisions"}],"predecessor-version":[{"id":67715,"href":"https:\/\/zonaroja.com.mx\/index.php?rest_route=\/wp\/v2\/posts\/67713\/revisions\/67715"}],"wp:featuredmedia":[{"embeddable":true,"href":"https:\/\/zonaroja.com.mx\/index.php?rest_route=\/wp\/v2\/media\/67714"}],"wp:attachment":[{"href":"https:\/\/zonaroja.com.mx\/index.php?rest_route=%2Fwp%2Fv2%2Fmedia&parent=67713"}],"wp:term":[{"taxonomy":"category","embeddable":true,"href":"https:\/\/zonaroja.com.mx\/index.php?rest_route=%2Fwp%2Fv2%2Fcategories&post=67713"},{"taxonomy":"post_tag","embeddable":true,"href":"https:\/\/zonaroja.com.mx\/index.php?rest_route=%2Fwp%2Fv2%2Ftags&post=67713"}],"curies":[{"name":"wp","href":"https:\/\/api.w.org\/{rel}","templated":true}]}}