{"id":67716,"date":"2024-04-27T12:45:00","date_gmt":"2024-04-27T18:45:00","guid":{"rendered":"https:\/\/zonaroja.com.mx\/?p=67716"},"modified":"2024-04-27T07:52:44","modified_gmt":"2024-04-27T13:52:44","slug":"recorre-nino-morales-comunidades-de-la-mixteca-habra-apoyo-al-campo","status":"publish","type":"post","link":"https:\/\/zonaroja.com.mx\/?p=67716","title":{"rendered":"Recorre Nino Morales comunidades de la Mixteca; habr\u00e1 apoyo al campo"},"content":{"rendered":"\n<p>Redacci\u00f3n\/Zona Roja.<\/p>\n\n\n\n<p>Oaxaca de Ju\u00e1rez, Oax., a 27 de abril de 2024.- En una intensa gira de trabajo por la regi\u00f3n Mixteca de Oaxaca, el candidato de Morena al Senado, Antonino Morales, se comprometi\u00f3 a gestionar m\u00e1s recursos para los campesinos y para el sector agropecuario.<\/p>\n\n\n\n<p>\u201cEn el campo est\u00e1 la vida productiva de M\u00e9xico\u201d, asever\u00f3 el militante morenista en Tamazul\u00e1pam del Progreso, al llamar a seguir uniendo esfuerzos para que la Cuarta Transformaci\u00f3n contin\u00fae en Oaxaca y en M\u00e9xico.<\/p>\n\n\n\n<p>El pol\u00edtico originario de la Heroica Villa de San Blas Atempa y fundador de Morena, indic\u00f3 que fortalecer el campo es cultivar vida y alimentos sanos que formar\u00e1n parte del bienestar de las familias.<\/p>\n\n\n\n<p>Con la doctora Claudia Sheinbaum Pardo, destac\u00f3 el candidato morenista, \u201cfortaleceremos la soberan\u00eda alimentaria, a trav\u00e9s de un importante presupuesto al campo. Con nuestra futura Presidenta, se dignificar\u00e1 la vida de los jornaleros agr\u00edcolas con seguridad social, laboral y educativo\u201d, resalt\u00f3.<\/p>\n\n\n\n<p>En este sentido, Nino Morales, se comprometi\u00f3 a aumentar los apoyos para que sus hermanas y hermanos campesinos puedan seguir trabajando la tierra, toda vez que, \u00abel campo y los agricultores somos el orgullo de M\u00e9xico\u00bb, destac\u00f3 el joven candidato de Morena.<\/p>\n\n\n\n<p>El aspirante a la C\u00e1mara Alta del pa\u00eds ha estado recorriendo en los \u00faltimos d\u00edas las comunidades de Santa Mar\u00eda Camotl\u00e1n y San Juan \u00d1um\u00ed, luego de su gira proselitista por la regi\u00f3n Valles Centrales.<\/p>\n","protected":false},"excerpt":{"rendered":"<p>Redacci\u00f3n\/Zona Roja. Oaxaca de Ju\u00e1rez, Oax., a 27 de abril de 2024.- En una intensa&hellip;<\/p>\n","protected":false},"author":2,"featured_media":67717,"comment_status":"closed","ping_status":"open","sticky":false,"template":"","format":"standard","meta":{"_lmt_disableupdate":"","_lmt_disable":"","_jetpack_memberships_contains_paid_content":false,"footnotes":""},"categories":[109,46],"tags":[180],"class_list":["post-67716","post","type-post","status-publish","format-standard","has-post-thumbnail","hentry","category-minuto-a-minuto","category-zona-blanca","tag-antonino-morales-toledo"],"jetpack_featured_media_url":"https:\/\/zonaroja.com.mx\/wp-content\/uploads\/2024\/04\/Antonino-Morales-campesinos.jpeg","jetpack_sharing_enabled":true,"_links":{"self":[{"href":"https:\/\/zonaroja.com.mx\/index.php?rest_route=\/wp\/v2\/posts\/67716","targetHints":{"allow":["GET"]}}],"collection":[{"href":"https:\/\/zonaroja.com.mx\/index.php?rest_route=\/wp\/v2\/posts"}],"about":[{"href":"https:\/\/zonaroja.com.mx\/index.php?rest_route=\/wp\/v2\/types\/post"}],"author":[{"embeddable":true,"href":"https:\/\/zonaroja.com.mx\/index.php?rest_route=\/wp\/v2\/users\/2"}],"replies":[{"embeddable":true,"href":"https:\/\/zonaroja.com.mx\/index.php?rest_route=%2Fwp%2Fv2%2Fcomments&post=67716"}],"version-history":[{"count":1,"href":"https:\/\/zonaroja.com.mx\/index.php?rest_route=\/wp\/v2\/posts\/67716\/revisions"}],"predecessor-version":[{"id":67718,"href":"https:\/\/zonaroja.com.mx\/index.php?rest_route=\/wp\/v2\/posts\/67716\/revisions\/67718"}],"wp:featuredmedia":[{"embeddable":true,"href":"https:\/\/zonaroja.com.mx\/index.php?rest_route=\/wp\/v2\/media\/67717"}],"wp:attachment":[{"href":"https:\/\/zonaroja.com.mx\/index.php?rest_route=%2Fwp%2Fv2%2Fmedia&parent=67716"}],"wp:term":[{"taxonomy":"category","embeddable":true,"href":"https:\/\/zonaroja.com.mx\/index.php?rest_route=%2Fwp%2Fv2%2Fcategories&post=67716"},{"taxonomy":"post_tag","embeddable":true,"href":"https:\/\/zonaroja.com.mx\/index.php?rest_route=%2Fwp%2Fv2%2Ftags&post=67716"}],"curies":[{"name":"wp","href":"https:\/\/api.w.org\/{rel}","templated":true}]}}