{"id":6772,"date":"2019-12-18T17:43:10","date_gmt":"2019-12-18T23:43:10","guid":{"rendered":"http:\/\/www.zonaroja.com.mx\/?p=6772"},"modified":"2019-12-18T17:43:13","modified_gmt":"2019-12-18T23:43:13","slug":"dejan-vientos-de-norte-diversos-danos-materiales-en-el-istmo","status":"publish","type":"post","link":"https:\/\/zonaroja.com.mx\/?p=6772","title":{"rendered":"Dejan vientos de \u201cNorte\u201d diversos da\u00f1os materiales en el Istmo"},"content":{"rendered":"\n<p>Redacci\u00f3n\/Zona Roja.<\/p>\n\n\n\n<p>Oaxaca de Ju\u00e1rez, Oax., 18 de diciembre\nde 2019.- Volcadura de tr\u00e1ileres, riesgos de accidentes para diversas unidades\nde motor, desprendimiento de techos de viviendas, afectaciones a l\u00edneas de\ntransmisi\u00f3n, entre otros, es el saldo preliminar de los da\u00f1os que han generado\neste mi\u00e9rcoles los fuertes vientos de \u201cNorte\u201d en la regi\u00f3n del Istmo de\nTehuantepec.<\/p>\n\n\n\n<p>De acuerdo con la Coordinaci\u00f3n Estatal\nde Protecci\u00f3n Civil de Oaxaca (CEPCO) el temporal prococ\u00f3 que la caja de un\ntr\u00e1iler quedara recostada sobre el puente el \u201cTreb\u00f3l\u201d, ubicado sobre la carretera\nLa Ventosa-Tehuantepec.<\/p>\n\n\n\n<p>As\u00ed mismo un tr\u00e1iler, volc\u00f3 en la s\u00fapercarretera Salina Cruz-La Ventosa, a la altura de la desviaci\u00f3n a Lachiguiri. En tanto, derivados de los fuertes vientos, se present\u00f3 el desprendimiento del parabrisas de un autob\u00fas de la l\u00ednea SUR, por estos hechos no se presentaron personas lesionadas.<\/p>\n\n\n\n<figure class=\"wp-block-embed-twitter wp-block-embed is-type-rich is-provider-twitter\"><div class=\"wp-block-embed__wrapper\">\n<div class=\"twitter-tweet\"><blockquote class=\"twitter-tweet\" data-lang=\"es\"><p lang=\"es\" dir=\"ltr\">Cuantiosos da\u00f1os materiales, entre ellos volcadura de tr\u00e1ileres y desprendimiento de techos de viviendas, han dejado los fuertes vientos de \u201cNorte\u201d este mi\u00e9rcoles en la regi\u00f3n del Istmo de Tehuantepec, <a href=\"https:\/\/twitter.com\/hashtag\/Oaxaca?src=hash&amp;ref_src=twsrc%5Etfw\">#Oaxaca<\/a>, report\u00f3 la <a href=\"https:\/\/twitter.com\/CEPCO_GobOax?ref_src=twsrc%5Etfw\">@CEPCO_GobOax<\/a>. <a href=\"https:\/\/t.co\/6zHbkocpzA\">pic.twitter.com\/6zHbkocpzA<\/a><\/p>&mdash; Zona Roja Oaxaca (@MexRoja) <a href=\"https:\/\/twitter.com\/MexRoja\/status\/1207445653812588553?ref_src=twsrc%5Etfw\">18 de diciembre de 2019<\/a><\/blockquote><\/div>\n<\/div><\/figure>\n\n\n\n<p>Mientras que, en Uni\u00f3n Hidalgo, este\nsistema provoc\u00f3 la ca\u00edda de una rama sobre una casa afectando su techumbre; en\nel Espinal, San Pedro Comitancillo y San Blas Atempa, se presentan cortes de\nenerg\u00eda el\u00e9ctrica que ya est\u00e1n siendo atendidos por personal de la Comisi\u00f3n\nFederal de Electricidad (CFE) ante el reporte de la delegaci\u00f3n regional de la\nCEPCO.<\/p>\n\n\n\n<p>En Santiago Niltepec, los fuertes\nvientos arrancaron el techo de una casa en la colonia 7 de Marzo, lo mismo\nocurri\u00f3 en Asunci\u00f3n Ixtaltepec, en donde las l\u00e1minas de la vivienda que se\ndesprendieron, quedaron sujetas a un poste de energ\u00eda el\u00e9ctrica, lo que provoc\u00f3\nel corte de la luz.<\/p>\n\n\n\n<p>Indic\u00f3 que la delegaci\u00f3n regional de la CEPCO, se mantiene en coordinaci\u00f3n con la Polic\u00eda Federal, la Guardia Nacional y autoridades locales emitiendo recomendaciones en la zona y auxiliando a la poblaci\u00f3n afectada.<\/p>\n\n\n\n<p>Aunque en el comunicado no report\u00f3 personas lesionadas, personal de la Cruz Roja Mexicana ha brindado atenci\u00f3n a ocupantes de tr\u00e1ileres que han sufrido afectaciones.<\/p>\n\n\n\n<figure class=\"wp-block-image\"><img decoding=\"async\" width=\"1024\" height=\"1024\" src=\"http:\/\/www.zonaroja.com.mx\/wp-content\/uploads\/2019\/12\/PHOTO-2019-12-18-17-20-14-1-1024x1024.jpg\" alt=\"\" class=\"wp-image-6774\" srcset=\"https:\/\/zonaroja.com.mx\/wp-content\/uploads\/2019\/12\/PHOTO-2019-12-18-17-20-14-1-1024x1024.jpg 1024w, https:\/\/zonaroja.com.mx\/wp-content\/uploads\/2019\/12\/PHOTO-2019-12-18-17-20-14-1-150x150.jpg 150w, https:\/\/zonaroja.com.mx\/wp-content\/uploads\/2019\/12\/PHOTO-2019-12-18-17-20-14-1-300x300.jpg 300w, https:\/\/zonaroja.com.mx\/wp-content\/uploads\/2019\/12\/PHOTO-2019-12-18-17-20-14-1-768x768.jpg 768w, https:\/\/zonaroja.com.mx\/wp-content\/uploads\/2019\/12\/PHOTO-2019-12-18-17-20-14-1-1170x1170.jpg 1170w, https:\/\/zonaroja.com.mx\/wp-content\/uploads\/2019\/12\/PHOTO-2019-12-18-17-20-14-1-585x585.jpg 585w, https:\/\/zonaroja.com.mx\/wp-content\/uploads\/2019\/12\/PHOTO-2019-12-18-17-20-14-1-640x640.jpg 640w, https:\/\/zonaroja.com.mx\/wp-content\/uploads\/2019\/12\/PHOTO-2019-12-18-17-20-14-1.jpg 1280w\" sizes=\"(max-width: 1024px) 100vw, 1024px\" \/><\/figure>\n","protected":false},"excerpt":{"rendered":"<p>Redacci\u00f3n\/Zona Roja. Oaxaca de Ju\u00e1rez, Oax., 18 de diciembre de 2019.- Volcadura de tr\u00e1ileres, riesgos&hellip;<\/p>\n","protected":false},"author":2,"featured_media":6773,"comment_status":"closed","ping_status":"open","sticky":false,"template":"","format":"standard","meta":{"_lmt_disableupdate":"","_lmt_disable":"","_jetpack_memberships_contains_paid_content":false,"footnotes":""},"categories":[1],"tags":[],"class_list":["post-6772","post","type-post","status-publish","format-standard","has-post-thumbnail","hentry","category-sin-categoria"],"jetpack_featured_media_url":"https:\/\/zonaroja.com.mx\/wp-content\/uploads\/2019\/12\/PHOTO-2019-12-18-17-20-14.jpg","jetpack_sharing_enabled":true,"_links":{"self":[{"href":"https:\/\/zonaroja.com.mx\/index.php?rest_route=\/wp\/v2\/posts\/6772","targetHints":{"allow":["GET"]}}],"collection":[{"href":"https:\/\/zonaroja.com.mx\/index.php?rest_route=\/wp\/v2\/posts"}],"about":[{"href":"https:\/\/zonaroja.com.mx\/index.php?rest_route=\/wp\/v2\/types\/post"}],"author":[{"embeddable":true,"href":"https:\/\/zonaroja.com.mx\/index.php?rest_route=\/wp\/v2\/users\/2"}],"replies":[{"embeddable":true,"href":"https:\/\/zonaroja.com.mx\/index.php?rest_route=%2Fwp%2Fv2%2Fcomments&post=6772"}],"version-history":[{"count":1,"href":"https:\/\/zonaroja.com.mx\/index.php?rest_route=\/wp\/v2\/posts\/6772\/revisions"}],"predecessor-version":[{"id":6775,"href":"https:\/\/zonaroja.com.mx\/index.php?rest_route=\/wp\/v2\/posts\/6772\/revisions\/6775"}],"wp:featuredmedia":[{"embeddable":true,"href":"https:\/\/zonaroja.com.mx\/index.php?rest_route=\/wp\/v2\/media\/6773"}],"wp:attachment":[{"href":"https:\/\/zonaroja.com.mx\/index.php?rest_route=%2Fwp%2Fv2%2Fmedia&parent=6772"}],"wp:term":[{"taxonomy":"category","embeddable":true,"href":"https:\/\/zonaroja.com.mx\/index.php?rest_route=%2Fwp%2Fv2%2Fcategories&post=6772"},{"taxonomy":"post_tag","embeddable":true,"href":"https:\/\/zonaroja.com.mx\/index.php?rest_route=%2Fwp%2Fv2%2Ftags&post=6772"}],"curies":[{"name":"wp","href":"https:\/\/api.w.org\/{rel}","templated":true}]}}