{"id":67720,"date":"2024-04-27T18:42:12","date_gmt":"2024-04-28T00:42:12","guid":{"rendered":"https:\/\/zonaroja.com.mx\/?p=67720"},"modified":"2024-04-27T18:42:14","modified_gmt":"2024-04-28T00:42:14","slug":"sabado-fatal-en-oaxaca-nueve-personas-fallecidas","status":"publish","type":"post","link":"https:\/\/zonaroja.com.mx\/?p=67720","title":{"rendered":"S\u00e1bado fatal en Oaxaca: nueve personas fallecidas"},"content":{"rendered":"\n<p>Ismael Garc\u00eda M.\/Zona Roja.<\/p>\n\n\n\n<p>Oaxaca de Ju\u00e1rez, Oax., a 27 de abril de 2024.- Al menos nueve personas han perdido la vida este s\u00e1bado en Oaxaca, cinco de ellas por probable suicidio.<\/p>\n\n\n\n<p>La tarde de hoy, en un domicilio particular en la calle Ni\u00f1o Perdido de la colonia La Cortina, agencia municipal Trinidad de Viguera de Oaxaca de Ju\u00e1rez, cuatro varones adultos y una mujer fueron hallados sin vida.<\/p>\n\n\n\n<p>La Fiscal\u00eda General del Estado de Oaxaca (FGEO) confirm\u00f3 el multihomicidio y una de las l\u00edneas de investigaci\u00f3n es un probable envenenamiento de los integrantes de una familia.<\/p>\n\n\n\n<p>De manera preliminar fueron identificados Francisca G. D., de 53 a\u00f1os de edad; \u00c1lvaro D. D., de 55 a\u00f1os; Nicol\u00e1s D. G., de 18 a\u00f1os; Vicente D. G., de 25 a\u00f1os y Camilo D. G., de 30 a\u00f1os.<\/p>\n\n\n\n<p>\u201cAnte la intervenci\u00f3n de la FGEO, de primera instancia no se detectaron signos de violencia visibles en las v\u00edctimas, por lo que una de las l\u00edneas principales de investigaci\u00f3n del caso es un posible envenenamiento, toda vez que se aseguraron diversas sustancias que habr\u00edan consumidas las personas fallecidas.&nbsp;<\/p>\n\n\n\n<p>\u201cEn este sentido, especialistas del Instituto de Servicios Periciales realizan las labores forenses y an\u00e1lisis qu\u00edmicos para determinar con certeza las causas de su fallecimiento\u201d, detall\u00f3 en un comunicado.<\/p>\n\n\n\n<p>EN EL ISTMO<\/p>\n\n\n\n<p>Por otra parte, la ma\u00f1ana de hoy se suscit\u00f3 un accidente vial en la carretera Panamericana, en el tramo La Venta-La Ventosa, Juchit\u00e1n, en que fallecieron tres personas migrantes.<\/p>\n\n\n\n<p>Presuntamente caminaban a la orilla de la cinta asf\u00e1ltica cuando fueron arrolladas por un cami\u00f3n de carga pesada, tipo tr\u00e1iler, cuyo conductor se dio de inmediato a la fuga.<\/p>\n\n\n\n<p>Dos murieron en el lugar del percance y una m\u00e1s en un hospital, debido a la gravedad de las lesiones; otra persona se encuentra delicada de salud.<\/p>\n\n\n\n<p>EN LA SIERRA<\/p>\n\n\n\n<p>Por otra parte, una menor de edad perdi\u00f3 la vida ahogada este s\u00e1bado, en un r\u00edo en la jurisdicci\u00f3n del distrito de Ixtl\u00e1n, en la Sierra Ju\u00e1rez.<\/p>\n\n\n\n<p>Un grupo de escolares del albergue \u201cJosefino\u201d, ubicado en la colonia La Nacional del municipio de Santa Luc\u00eda del Camino, sali\u00f3 de excursi\u00f3n y lleg\u00f3 al afluente ubicado cerca de la v\u00eda federal 175, a la altura del acceso a San Juan Chicomez\u00fachitl.<\/p>\n\n\n\n<p>Algunos ingresaron a nadar pero una adolescente de 15 a\u00f1os, identificada como Daysi D., cay\u00f3 en una poza y no pudo salir; su cuerpo fue rescatado una hora m\u00e1s tarde.<\/p>\n","protected":false},"excerpt":{"rendered":"<p>Ismael Garc\u00eda M.\/Zona Roja. Oaxaca de Ju\u00e1rez, Oax., a 27 de abril de 2024.- Al&hellip;<\/p>\n","protected":false},"author":2,"featured_media":67721,"comment_status":"closed","ping_status":"open","sticky":false,"template":"","format":"standard","meta":{"_lmt_disableupdate":"","_lmt_disable":"","_jetpack_memberships_contains_paid_content":false,"footnotes":""},"categories":[109,51],"tags":[148],"class_list":["post-67720","post","type-post","status-publish","format-standard","has-post-thumbnail","hentry","category-minuto-a-minuto","category-zona-roja","tag-oaxaca-de-juarez"],"jetpack_featured_media_url":"https:\/\/zonaroja.com.mx\/wp-content\/uploads\/2024\/04\/Cinco-muertos-domicilio-Trinidad-de-Viguera-Oaxaca.jpg","jetpack_sharing_enabled":true,"_links":{"self":[{"href":"https:\/\/zonaroja.com.mx\/index.php?rest_route=\/wp\/v2\/posts\/67720","targetHints":{"allow":["GET"]}}],"collection":[{"href":"https:\/\/zonaroja.com.mx\/index.php?rest_route=\/wp\/v2\/posts"}],"about":[{"href":"https:\/\/zonaroja.com.mx\/index.php?rest_route=\/wp\/v2\/types\/post"}],"author":[{"embeddable":true,"href":"https:\/\/zonaroja.com.mx\/index.php?rest_route=\/wp\/v2\/users\/2"}],"replies":[{"embeddable":true,"href":"https:\/\/zonaroja.com.mx\/index.php?rest_route=%2Fwp%2Fv2%2Fcomments&post=67720"}],"version-history":[{"count":1,"href":"https:\/\/zonaroja.com.mx\/index.php?rest_route=\/wp\/v2\/posts\/67720\/revisions"}],"predecessor-version":[{"id":67722,"href":"https:\/\/zonaroja.com.mx\/index.php?rest_route=\/wp\/v2\/posts\/67720\/revisions\/67722"}],"wp:featuredmedia":[{"embeddable":true,"href":"https:\/\/zonaroja.com.mx\/index.php?rest_route=\/wp\/v2\/media\/67721"}],"wp:attachment":[{"href":"https:\/\/zonaroja.com.mx\/index.php?rest_route=%2Fwp%2Fv2%2Fmedia&parent=67720"}],"wp:term":[{"taxonomy":"category","embeddable":true,"href":"https:\/\/zonaroja.com.mx\/index.php?rest_route=%2Fwp%2Fv2%2Fcategories&post=67720"},{"taxonomy":"post_tag","embeddable":true,"href":"https:\/\/zonaroja.com.mx\/index.php?rest_route=%2Fwp%2Fv2%2Ftags&post=67720"}],"curies":[{"name":"wp","href":"https:\/\/api.w.org\/{rel}","templated":true}]}}