{"id":67726,"date":"2024-04-28T07:30:00","date_gmt":"2024-04-28T13:30:00","guid":{"rendered":"https:\/\/zonaroja.com.mx\/?p=67726"},"modified":"2024-04-28T06:44:42","modified_gmt":"2024-04-28T12:44:42","slug":"sabado-de-crimenes-en-jalisco-edomex-cdmx-y-chiapas","status":"publish","type":"post","link":"https:\/\/zonaroja.com.mx\/?p=67726","title":{"rendered":"S\u00e1bado de cr\u00edmenes en Jalisco, Edomex, Cdmx y Chiapas\u00a0"},"content":{"rendered":"\n<p>Redacci\u00f3n\/Zona Roja Cdmx.<\/p>\n\n\n\n<p>Ciudad de M\u00e9xico, a 28 de abril de 2024.- Francisco S\u00e1nchez Gaeta, regidor con licencia de Puerto Vallarta, Jalisco, y candidato a s\u00edndico municipal en la planilla del PVEM, fue hallado sin vida ayer, adentro de su autom\u00f3vil, en la carretera que conduce al municipio de Mascota.<\/p>\n\n\n\n<p>S\u00e1nchez Gaeta, de 38 a\u00f1os y m\u00e9dico de profesi\u00f3n, era coordinador de la campa\u00f1a del candidato al ayuntamiento de Puerto Vallarta, Luis Mungu\u00eda. La v\u00edctima ten\u00eda impactos de arma de fuego y su autom\u00f3vil se encontraba a un costado de la carretera 544 que comunica a Vallarta con Mascota y el municipio de Talpa de Allende.<\/p>\n\n\n\n<p>El equipo de Mungu\u00eda confirm\u00f3 el hecho, y se\u00f1al\u00f3 que desde el viernes su correligionario se encontraba desaparecido. S\u00e1nchez Gaeta era uno de los hombres de confianza de Mungu\u00eda; su \u00faltima aparici\u00f3n fue el jueves en un mitin pol\u00edtico en la plaza principal de El Pitilla, con el senador y ex candidato presidencial Manuel Velasco.<\/p>\n\n\n\n<p>S\u00e1nchez Gaeta se convierte en el segundo aspirante pevemista a un cargo de elecci\u00f3n popular en el 05 distrito electoral asesinado. En febrero pasado fue ultimado Jaime Vera, precandidato del mismo partido a la alcald\u00eda de Zapopan.<\/p>\n\n\n\n<p>Gerardo Daniel Ins\u00faa Casao, comisario jefe de Supervisi\u00f3n General, de la Secretar\u00eda de Seguridad del Estado (SSE), fue ultimado a tiros por sujetos que iban a bordo de un autom\u00f3vil Mazda negro, cuando se encontraba con su familia en una helader\u00eda en la avenida San V\u00edctor y la calle Valle de San Valent\u00edn de Guadalajara, alrededor de las 21 horas.<\/p>\n\n\n\n<p>Tras su arribo, param\u00e9dicos confirmaron el deceso de Ins\u00faa Casao de 47 a\u00f1os, quien era el tercero al mando de la SSE, y presentaba impactos por proyectil de arma de fuego.<\/p>\n\n\n\n<p>EN EDOMEX<\/p>\n\n\n\n<p>En este contexto, Luis Antonio Guti\u00e9rrez, ex director de administraci\u00f3n del alcalde con licencia de Tlalnepantla, Estado de M\u00e9xico, Marco Antonio Rodr\u00edguez Hurtado, candidato a reelegirse como edil por la coalici\u00f3n PRI-PAN-PRD-Panal, fue ejecutado ayer a balazos dentro de un auto, en la avenida de los Maestros y Perif\u00e9rico norte, a un costado de la plaza comercial Sentura, inform\u00f3 la fiscal\u00eda estatal.<\/p>\n\n\n\n<p>El ex funcionario iba con su esposa e hija cuando se cometi\u00f3 el crimen, ayer en la ma\u00f1ana. La mujer recibi\u00f3 un tiro, pero se report\u00f3 que est\u00e1 fuera de peligro, y la joven quien sali\u00f3 ilesa del atentado fue atendida por crisis nerviosa.<\/p>\n\n\n\n<p>EN CHIAPAS<\/p>\n\n\n\n<p>Manuel Lazos Mart\u00ednez, ex director de la polic\u00eda municipal de Huixtla, Chiapas, fue asesinado a balazos, informaron fuentes de seguridad.<\/p>\n\n\n\n<p>De acuerdo con el reporte, alrededor de las 22:00 horas del viernes el agente cenaba en un local sobre la carretera internacional de la costa de Chiapas, a la altura del ayuntamiento de Tuzant\u00e1n, cuando fue ultimado por hombres armados.<\/p>\n\n\n\n<p>El ataque se cometi\u00f3 cerca de un ret\u00e9n de polic\u00edas estatales, quienes no reaccionaron ante la agresi\u00f3n, de acuerdo con una tarjeta informativa de la polic\u00eda municipal de Tuzant\u00e1n. Con el homicidio de Lazos Mart\u00ednez, en lo que va del a\u00f1o suman siete v\u00edctimas relacionadas con las fuerzas de seguridad en Chiapas.<\/p>\n\n\n\n<p>Por otra parte, Mar\u00eda Garc\u00eda L\u00f3pez, presidenta del concejo municipal de Altamirano, quien hab\u00eda sido reportada como desaparecida desde el jueves anterior, en el vecino municipio de Ocosingo, inform\u00f3 en un video que se encuentra bien de salud en una comunidad \u2013no precis\u00f3 cu\u00e1l\u2013, con cinco de sus compa\u00f1eros.<\/p>\n\n\n\n<p>El pasado 25 de abril la fiscal\u00eda estatal dio a conocer que a ra\u00edz de entrevistas con testigos se conoci\u00f3 que estas cinco personas \u201cse encontraban afuera de un restaurante en el vecino Ocosingo, cuando fueron abordados por un grupo que presuntamente pertenecen a una organizaci\u00f3n social, para despu\u00e9s llevarlos con rumbo desconocido a bordo de dos veh\u00edculos\u201d. Por lo anterior, indic\u00f3 el organismo, inici\u00f3 una capeta de investigaci\u00f3n contra quien o quienes resulten responsables del delito de retenci\u00f3n de particulares.<\/p>\n\n\n\n<p>Sin embargo ayer, Garc\u00eda L\u00f3pez apareci\u00f3 en una grabaci\u00f3n en la que ley\u00f3 un documento fechado el viernes 26 de abril en el que precis\u00f3: \u201cme dirijo a las autoridades del gobierno federal y estatal as\u00ed como al Congreso, para hacer de su conocimiento que estoy en una de las comunidades de este ayuntamiento gozando de buena salud junto con otros cinco de mis compa\u00f1eros\u201d.<\/p>\n\n\n\n<p>EN CDMX<\/p>\n\n\n\n<p>Tres personas que se encontraban en un taller de reparaci\u00f3n de motocicletas fueron atacadas a balazos en la calle de Saturnino Cedillo, en el Barrio la Plata de la alcald\u00eda de Xochimilco, Ciudad de M\u00e9xico. Por los impactos, uno de ellos perdi\u00f3 la vida en el lugar.<\/p>\n\n\n\n<p>Luego de la agresi\u00f3n los sujetos huyeron en una motocicleta de color negro con naranja.<\/p>\n\n\n\n<p>El ataque gener\u00f3 una fuerte movilizaci\u00f3n policiaca y la presencia de los cuerpos de emergencia. Param\u00e9dicos atendieron a los heridos y uno de ellos ya no presentaba signos vitales.<\/p>\n\n\n\n<p>Los otros dos heridos, de entre 35 a 40 a\u00f1os que presentaban lesiones por disparo de arma de fuego, fueron trasladados al hospital.<\/p>\n\n\n\n<p>La zona fue acordonada y se solicit\u00f3 la presencia del personal de Servicios Periciales para hacer el levantamiento del cad\u00e1ver.<\/p>\n\n\n\n<p>(Informaci\u00f3n de \u201cLa Jornada\u201d)<\/p>\n","protected":false},"excerpt":{"rendered":"<p>Redacci\u00f3n\/Zona Roja Cdmx. Ciudad de M\u00e9xico, a 28 de abril de 2024.- Francisco S\u00e1nchez Gaeta,&hellip;<\/p>\n","protected":false},"author":2,"featured_media":67728,"comment_status":"closed","ping_status":"open","sticky":false,"template":"","format":"standard","meta":{"_lmt_disableupdate":"","_lmt_disable":"","_jetpack_memberships_contains_paid_content":false,"footnotes":""},"categories":[109,51],"tags":[1746],"class_list":["post-67726","post","type-post","status-publish","format-standard","has-post-thumbnail","hentry","category-minuto-a-minuto","category-zona-roja","tag-violencia-en-mexico"],"jetpack_featured_media_url":"https:\/\/zonaroja.com.mx\/wp-content\/uploads\/2024\/04\/Escena-del-crimen.jpeg","jetpack_sharing_enabled":true,"_links":{"self":[{"href":"https:\/\/zonaroja.com.mx\/index.php?rest_route=\/wp\/v2\/posts\/67726","targetHints":{"allow":["GET"]}}],"collection":[{"href":"https:\/\/zonaroja.com.mx\/index.php?rest_route=\/wp\/v2\/posts"}],"about":[{"href":"https:\/\/zonaroja.com.mx\/index.php?rest_route=\/wp\/v2\/types\/post"}],"author":[{"embeddable":true,"href":"https:\/\/zonaroja.com.mx\/index.php?rest_route=\/wp\/v2\/users\/2"}],"replies":[{"embeddable":true,"href":"https:\/\/zonaroja.com.mx\/index.php?rest_route=%2Fwp%2Fv2%2Fcomments&post=67726"}],"version-history":[{"count":1,"href":"https:\/\/zonaroja.com.mx\/index.php?rest_route=\/wp\/v2\/posts\/67726\/revisions"}],"predecessor-version":[{"id":67729,"href":"https:\/\/zonaroja.com.mx\/index.php?rest_route=\/wp\/v2\/posts\/67726\/revisions\/67729"}],"wp:featuredmedia":[{"embeddable":true,"href":"https:\/\/zonaroja.com.mx\/index.php?rest_route=\/wp\/v2\/media\/67728"}],"wp:attachment":[{"href":"https:\/\/zonaroja.com.mx\/index.php?rest_route=%2Fwp%2Fv2%2Fmedia&parent=67726"}],"wp:term":[{"taxonomy":"category","embeddable":true,"href":"https:\/\/zonaroja.com.mx\/index.php?rest_route=%2Fwp%2Fv2%2Fcategories&post=67726"},{"taxonomy":"post_tag","embeddable":true,"href":"https:\/\/zonaroja.com.mx\/index.php?rest_route=%2Fwp%2Fv2%2Ftags&post=67726"}],"curies":[{"name":"wp","href":"https:\/\/api.w.org\/{rel}","templated":true}]}}