{"id":67730,"date":"2024-04-28T08:44:00","date_gmt":"2024-04-28T14:44:00","guid":{"rendered":"https:\/\/zonaroja.com.mx\/?p=67730"},"modified":"2024-04-28T07:12:54","modified_gmt":"2024-04-28T13:12:54","slug":"comite-de-victimas-de-nochixtlan-se-deslinda-de-acuerdos-de-la-cnte-con-amlo","status":"publish","type":"post","link":"https:\/\/zonaroja.com.mx\/?p=67730","title":{"rendered":"Comit\u00e9 de V\u00edctimas de Nochixtl\u00e1n se deslinda de acuerdos de la CNTE con AMLO"},"content":{"rendered":"\n<p>Ismael Garc\u00eda M.\/Zona Roja.<\/p>\n\n\n\n<p>Oaxaca de Ju\u00e1rez, Oax., a 28 de abril de 2024.- El Comit\u00e9 de V\u00edctimas de Nochixtl\u00e1n se deslind\u00f3 de los acuerdos de la Coordinadora Nacional de Trabajadores de la Educaci\u00f3n (CNTE) con el gobierno de Andr\u00e9s Manuel L\u00f3pez Obrador para el pago de indemnizaciones a los afectados por los hechos del 14 de junio de 2016.<\/p>\n\n\n\n<p>En la reuni\u00f3n efectuada el pasado jueves entre la CNTE, en que particip\u00f3 la Secci\u00f3n 22 del SNTE de Oaxaca, a trav\u00e9s de la Comisi\u00f3n Nacional \u00danica de Negociaci\u00f3n, con el mandatario mexicano se convino cubrir indemnizaciones.<\/p>\n\n\n\n<p>A nueve de las 41 v\u00edctimas de la agresi\u00f3n policiaca en Nochixtl\u00e1n se les pagar\u00eda la reparaci\u00f3n del da\u00f1o en el mes de mayo, quedando pendientes las restantes.<\/p>\n\n\n\n<p>\u201cAnte esa informaci\u00f3n, nuestro comit\u00e9 se deslinda y desconoce cualquier acuerdo que tenga por objetivo anteponer un pago econ\u00f3mico por encima de la exigencia de justicia para esclarecer los hechos del 19 de junio y que se garantice que los asesinos materiales e intelectuales sean castigados con c\u00e1rcel.<\/p>\n\n\n\n<p>\u201cDe la misma forma, hacemos del conocimiento p\u00fablico que hasta este momento, los integrantes del Comit\u00e9 Ejecutivo de la Secci\u00f3n 22 no nos ha tomado en cuenta, ni nos han convocado, para solicitarnos informaci\u00f3n sobre nuestras exigencias como v\u00edctimas, pues para nosotros el primer compromiso del gobierno federal debe ser el tema de justicia y no un pago econ\u00f3mico\u201d, expusieron en un comunicado emitido anoche.<\/p>\n\n\n\n<p>Precisaron que, por lo tanto, cualquier petici\u00f3n relacionada con el tema de Nochixtl\u00e1n, hasta este momento, ha sido planteado de forma unilateral sin el consenso del Comit\u00e9 de V\u00edctimas.<\/p>\n\n\n\n<p>\u201cSomos respetuosos de las v\u00edctimas que acepten un pago econ\u00f3mico por el da\u00f1o que sufrieron aquel 19 de junio, sin embargo es un error pol\u00edtico de la comisi\u00f3n negociadora plantear y aceptar el pago de la reparaci\u00f3n del da\u00f1o por el encima de la exigencia de justicia\u201d.&nbsp;<\/p>\n\n\n\n<p>La organizaci\u00f3n agreg\u00f3 que de su parte, contin\u00faan, con las organizaciones sociales aglutinadas en la Red Estatal de V\u00edctimas de Oaxaca \u00abTom\u00e1s Mart\u00ednez\u201d, dando la batalla pol\u00edtica y jur\u00eddica para que los responsables materiales e intelectuales de la masacre sean sentenciados y encarcelados por su responsabilidad penal; \u201cen las mesas con el gobierno federal la comisi\u00f3n negociadora est\u00e1 aceptando que se le ponga precio a la vida de los ca\u00eddos en Nochixtl\u00e1n.<\/p>\n\n\n\n<p>\u201cHasta este momento no hemos observado que dentro de los acuerdos alcanzados se encuentre el compromiso de poner tras las rejas a todos los responsables de la masacre.&nbsp;<\/p>\n\n\n\n<p>\u201cTampoco vemos que se contemple alg\u00fan acuerdo en el que el Estado Mexicano se comprometa a dictar sentencias condenatorias en contra de los seis mandos policiacos que actualmente se encuentran procesados por el tema Nochixtl\u00e1n. Con ello nos queda claro que est\u00e1n perfilando la impunidad y el olvido para el caso Nochixtl\u00e1n\u201d.<\/p>\n\n\n\n<p>Agregaron que el gobierno de Andr\u00e9s Manuel L\u00f3pez Obrador ha mostrado cerraz\u00f3n para esclarecer los hechos de Nochixtl\u00e1n para favorecer a los intereses de Enrique Pe\u00f1a Nieto y el PRI.<\/p>\n\n\n\n<p>Y despu\u00e9s de empezar a pagar las cantidades de dinero como reparaci\u00f3n del da\u00f1o, las esperanzas de que la masacre de Nochixtl\u00e1n no queden en la impunidad ser\u00e1n cada vez menos.<\/p>\n","protected":false},"excerpt":{"rendered":"<p>Ismael Garc\u00eda M.\/Zona Roja. Oaxaca de Ju\u00e1rez, Oax., a 28 de abril de 2024.- El&hellip;<\/p>\n","protected":false},"author":2,"featured_media":67731,"comment_status":"closed","ping_status":"open","sticky":false,"template":"","format":"standard","meta":{"_lmt_disableupdate":"","_lmt_disable":"","_jetpack_memberships_contains_paid_content":false,"footnotes":""},"categories":[109,47],"tags":[249],"class_list":["post-67730","post","type-post","status-publish","format-standard","has-post-thumbnail","hentry","category-minuto-a-minuto","category-zona-gris","tag-comite-de-victimas-nochixtlan"],"jetpack_featured_media_url":"https:\/\/zonaroja.com.mx\/wp-content\/uploads\/2024\/04\/Comite-de-Victimas-Nochixtlan.jpg","jetpack_sharing_enabled":true,"_links":{"self":[{"href":"https:\/\/zonaroja.com.mx\/index.php?rest_route=\/wp\/v2\/posts\/67730","targetHints":{"allow":["GET"]}}],"collection":[{"href":"https:\/\/zonaroja.com.mx\/index.php?rest_route=\/wp\/v2\/posts"}],"about":[{"href":"https:\/\/zonaroja.com.mx\/index.php?rest_route=\/wp\/v2\/types\/post"}],"author":[{"embeddable":true,"href":"https:\/\/zonaroja.com.mx\/index.php?rest_route=\/wp\/v2\/users\/2"}],"replies":[{"embeddable":true,"href":"https:\/\/zonaroja.com.mx\/index.php?rest_route=%2Fwp%2Fv2%2Fcomments&post=67730"}],"version-history":[{"count":2,"href":"https:\/\/zonaroja.com.mx\/index.php?rest_route=\/wp\/v2\/posts\/67730\/revisions"}],"predecessor-version":[{"id":67736,"href":"https:\/\/zonaroja.com.mx\/index.php?rest_route=\/wp\/v2\/posts\/67730\/revisions\/67736"}],"wp:featuredmedia":[{"embeddable":true,"href":"https:\/\/zonaroja.com.mx\/index.php?rest_route=\/wp\/v2\/media\/67731"}],"wp:attachment":[{"href":"https:\/\/zonaroja.com.mx\/index.php?rest_route=%2Fwp%2Fv2%2Fmedia&parent=67730"}],"wp:term":[{"taxonomy":"category","embeddable":true,"href":"https:\/\/zonaroja.com.mx\/index.php?rest_route=%2Fwp%2Fv2%2Fcategories&post=67730"},{"taxonomy":"post_tag","embeddable":true,"href":"https:\/\/zonaroja.com.mx\/index.php?rest_route=%2Fwp%2Fv2%2Ftags&post=67730"}],"curies":[{"name":"wp","href":"https:\/\/api.w.org\/{rel}","templated":true}]}}