{"id":67747,"date":"2024-04-28T15:02:50","date_gmt":"2024-04-28T21:02:50","guid":{"rendered":"https:\/\/zonaroja.com.mx\/?p=67747"},"modified":"2024-04-28T15:02:53","modified_gmt":"2024-04-28T21:02:53","slug":"ordena-juez-liberar-a-don-rodo-hermano-de-el-mencho","status":"publish","type":"post","link":"https:\/\/zonaroja.com.mx\/?p=67747","title":{"rendered":"Ordena juez liberar a \u2018Don Rodo\u2019, hermano de &#8216;El Mencho\u2019"},"content":{"rendered":"\n<p>Redacci\u00f3n\/Zona Roja Cdmx.<\/p>\n\n\n\n<p>Ciudad de M\u00e9xico, a 28 de abril de 2024.- El juez de control Rogelio Le\u00f3n D\u00edaz, con sede en el Centro de Justicia Penal Federal en Almoloya de Ju\u00e1rez, Estado de M\u00e9xico, decret\u00f3 auto de libertad para Abraham Oseguera Cervantes, \u201cDon Rodo\u201d, hermano del l\u00edder del C\u00e1rtel Jalisco Nueva Generaci\u00f3n (CJNG), Nemesio Oseguera Cervantes, luego de considerar que los elementos de la Guardia Nacional mintieron respecto del tiempo, modo y lugar en el que se realiz\u00f3 la detenci\u00f3n el pasado 23 de abril, en Jalisco.<\/p>\n\n\n\n<p>Lo anterior fue informado por el abogado V\u00edctor Beltr\u00e1n Garc\u00eda, quien se\u00f1al\u00f3 que la determinaci\u00f3n de libertad se decidi\u00f3 poco despu\u00e9s de las tres de la ma\u00f1ana.<\/p>\n\n\n\n<p>El 23 de abril el juez Le\u00f3n D\u00edaz calific\u00f3 de legal la detenci\u00f3n de Oseguera Cervantes, y ayer continu\u00f3 la audiencia inicial, en la cual la Fiscal\u00eda Especializada en Materia de Delincuencia Organizada (Femdo) solicit\u00f3 la vinculaci\u00f3n a proceso en su contra por delincuencia organizada, delitos contra la salud y posesi\u00f3n de armamento de uso exclusivo de las fuerzas armadas.<\/p>\n\n\n\n<p>Sin embargo, la defensa, dijo el litigante, pudo acreditar que los elementos de la Guardia Nacional mintieron en sus reportes policiales y no hab\u00eda elementos para acreditar los argumentos esgrimidos por la Fiscal\u00eda General de la Rep\u00fablica (FGR).<\/p>\n","protected":false},"excerpt":{"rendered":"<p>Redacci\u00f3n\/Zona Roja Cdmx. Ciudad de M\u00e9xico, a 28 de abril de 2024.- El juez de&hellip;<\/p>\n","protected":false},"author":2,"featured_media":67593,"comment_status":"closed","ping_status":"open","sticky":false,"template":"","format":"standard","meta":{"_lmt_disableupdate":"","_lmt_disable":"","_jetpack_memberships_contains_paid_content":false,"footnotes":""},"categories":[109,47],"tags":[3916],"class_list":["post-67747","post","type-post","status-publish","format-standard","has-post-thumbnail","hentry","category-minuto-a-minuto","category-zona-gris","tag-abraham-oseguera-don-rodo"],"jetpack_featured_media_url":"https:\/\/zonaroja.com.mx\/wp-content\/uploads\/2024\/04\/Don-Rodo-hermano-de-El-Mencho.jpg","jetpack_sharing_enabled":true,"_links":{"self":[{"href":"https:\/\/zonaroja.com.mx\/index.php?rest_route=\/wp\/v2\/posts\/67747","targetHints":{"allow":["GET"]}}],"collection":[{"href":"https:\/\/zonaroja.com.mx\/index.php?rest_route=\/wp\/v2\/posts"}],"about":[{"href":"https:\/\/zonaroja.com.mx\/index.php?rest_route=\/wp\/v2\/types\/post"}],"author":[{"embeddable":true,"href":"https:\/\/zonaroja.com.mx\/index.php?rest_route=\/wp\/v2\/users\/2"}],"replies":[{"embeddable":true,"href":"https:\/\/zonaroja.com.mx\/index.php?rest_route=%2Fwp%2Fv2%2Fcomments&post=67747"}],"version-history":[{"count":1,"href":"https:\/\/zonaroja.com.mx\/index.php?rest_route=\/wp\/v2\/posts\/67747\/revisions"}],"predecessor-version":[{"id":67748,"href":"https:\/\/zonaroja.com.mx\/index.php?rest_route=\/wp\/v2\/posts\/67747\/revisions\/67748"}],"wp:featuredmedia":[{"embeddable":true,"href":"https:\/\/zonaroja.com.mx\/index.php?rest_route=\/wp\/v2\/media\/67593"}],"wp:attachment":[{"href":"https:\/\/zonaroja.com.mx\/index.php?rest_route=%2Fwp%2Fv2%2Fmedia&parent=67747"}],"wp:term":[{"taxonomy":"category","embeddable":true,"href":"https:\/\/zonaroja.com.mx\/index.php?rest_route=%2Fwp%2Fv2%2Fcategories&post=67747"},{"taxonomy":"post_tag","embeddable":true,"href":"https:\/\/zonaroja.com.mx\/index.php?rest_route=%2Fwp%2Fv2%2Ftags&post=67747"}],"curies":[{"name":"wp","href":"https:\/\/api.w.org\/{rel}","templated":true}]}}